{"id":8181,"date":"2024-01-04T19:42:10","date_gmt":"2024-01-04T19:42:10","guid":{"rendered":"https:\/\/ladepeche.mr\/?p=8181"},"modified":"2024-01-04T19:42:31","modified_gmt":"2024-01-04T19:42:31","slug":"alger-definitivement-hors-jeu-du-dialogue-inter-malien","status":"publish","type":"post","link":"https:\/\/ladepeche.mr\/?p=8181","title":{"rendered":"Alger d\u00e9finitivement hors-jeu du dialogue inter-malien"},"content":{"rendered":"<p>Le Colonel Assimi Go\u00efta pr\u00e9sident de la transition, a d\u00e9cid\u00e9 dimanche soir, de l\u2019appropriation nationale du processus de paix, en donnant toutes les chances \u00e0 un dialogue direct inter-malien pour la paix et la r\u00e9conciliation, afin, dit-il, \u00abd\u2019\u00e9liminer les racines des conflits communautaires et intercommunautaires.\u00bb Mais la d\u00e9cision met surtout Alger hors-jeu du processus de discussion entre Bamako et la r\u00e9bellion touareg, ou ce qu\u2019il en reste.<\/p>\n<p>Dans son discours \u00e0 la nation \u00e0 l\u2019occasion du nouvel an, Assimi Go\u00efta a indiqu\u00e9 qu\u2019\u00abun comit\u00e9 charg\u00e9 de piloter ce dialogue (ndlr : discussions avec des groupes de la r\u00e9bellion touareg) sera mis en place dans un d\u00e9lai d\u2019un mois et il devra d\u00e9poser son rapport au plus tard en f\u00e9vrier.\u00bb Le chef de l\u2019Etat malien a, en outre, fix\u00e9 les lignes rouges du processus de dialogue : \u00abl\u2019unicit\u00e9, la la\u00efcit\u00e9 de l\u2019Etat et l\u2019int\u00e9grit\u00e9 du territoire ne feront pas partie des sujets de discussion\u00bb, c\u2019est-\u00e0-dire, que ce sont des sujets non-n\u00e9gociables. A ce paquet s\u2019ajoutent les trois principes qui sous-tendent l\u2019action publique du pays, \u00e0 savoir, \u00able respect de sa souverainet\u00e9, le respect de ses choix strat\u00e9giques et des choix des partenaires ainsi que la d\u00e9fense des int\u00e9r\u00eats du peuple.\u00bb<\/p>\n<p>\u00abEn capitalisant les avanc\u00e9es r\u00e9alis\u00e9es dans le cadre du processus de paix, et tirant les enseignements des d\u00e9fis qui subsistent, j\u2019ai pris l\u2019option de privil\u00e9gier l\u2019appropriation nationale du processus de paix, en donnant toutes ses chances \u00e0 un dialogue direct inter-malien pour la paix et la r\u00e9conciliation, afin d\u2019\u00e9liminer les racines des conflits communautaires et intercommunautaires\u00bb, a lanc\u00e9 le Colonel Assimi Go\u00efta. Les diff\u00e9rents acteurs nationaux et internationaux concern\u00e9s ont \u00e9t\u00e9 inform\u00e9s de la d\u00e9cision de Bamako d\u00e8s l\u2019entame du retrait de la Minusma, a-t-il r\u00e9v\u00e9l\u00e9.<br \/>\nLire la suite sur https:\/\/afrimag.net\/alger-definitivement-hors-jeu-du-dialogue-inter-malien\/?utm_source=mailpoet&#038;utm_medium=email&#038;utm_campaign=newsletter<\/p>\n","protected":false},"excerpt":{"rendered":"<p>Le Colonel Assimi Go\u00efta pr\u00e9sident de la transition, a d\u00e9cid\u00e9 dimanche soir, de l\u2019appropriation nationale du processus de paix, en donnant toutes les chances \u00e0 un dialogue direct inter-malien pour la paix et la r\u00e9conciliation, afin, dit-il, \u00abd\u2019\u00e9liminer les racines des conflits communautaires et intercommunautaires.\u00bb Mais la d\u00e9cision met surtout Alger hors-jeu du processus de &hellip;<\/p>\n","protected":false},"author":2,"featured_media":1162,"comment_status":"open","ping_status":"open","sticky":false,"template":"","format":"standard","meta":{"footnotes":""},"categories":[18,29,28],"tags":[],"class_list":["post-8181","post","type-post","status-publish","format-standard","has-post-thumbnail","hentry","category-actualites","category-monde","category-sahel"],"_links":{"self":[{"href":"https:\/\/ladepeche.mr\/index.php?rest_route=\/wp\/v2\/posts\/8181","targetHints":{"allow":["GET"]}}],"collection":[{"href":"https:\/\/ladepeche.mr\/index.php?rest_route=\/wp\/v2\/posts"}],"about":[{"href":"https:\/\/ladepeche.mr\/index.php?rest_route=\/wp\/v2\/types\/post"}],"author":[{"embeddable":true,"href":"https:\/\/ladepeche.mr\/index.php?rest_route=\/wp\/v2\/users\/2"}],"replies":[{"embeddable":true,"href":"https:\/\/ladepeche.mr\/index.php?rest_route=%2Fwp%2Fv2%2Fcomments&post=8181"}],"version-history":[{"count":1,"href":"https:\/\/ladepeche.mr\/index.php?rest_route=\/wp\/v2\/posts\/8181\/revisions"}],"predecessor-version":[{"id":8182,"href":"https:\/\/ladepeche.mr\/index.php?rest_route=\/wp\/v2\/posts\/8181\/revisions\/8182"}],"wp:featuredmedia":[{"embeddable":true,"href":"https:\/\/ladepeche.mr\/index.php?rest_route=\/wp\/v2\/media\/1162"}],"wp:attachment":[{"href":"https:\/\/ladepeche.mr\/index.php?rest_route=%2Fwp%2Fv2%2Fmedia&parent=8181"}],"wp:term":[{"taxonomy":"category","embeddable":true,"href":"https:\/\/ladepeche.mr\/index.php?rest_route=%2Fwp%2Fv2%2Fcategories&post=8181"},{"taxonomy":"post_tag","embeddable":true,"href":"https:\/\/ladepeche.mr\/index.php?rest_route=%2Fwp%2Fv2%2Ftags&post=8181"}],"curies":[{"name":"wp","href":"https:\/\/api.w.org\/{rel}","templated":true}]}}