{"id":8184,"date":"2024-01-04T19:57:27","date_gmt":"2024-01-04T19:57:27","guid":{"rendered":"https:\/\/ladepeche.mr\/?p=8184"},"modified":"2024-01-04T19:57:27","modified_gmt":"2024-01-04T19:57:27","slug":"liran-accuse-israel-et-les-etats-unis-apres-lattentat-de-kerman","status":"publish","type":"post","link":"https:\/\/ladepeche.mr\/?p=8184","title":{"rendered":"L\u2019Iran accuse Isra\u00ebl et les \u00c9tats-Unis apr\u00e8s l\u2019attentat de Kerman"},"content":{"rendered":"<p>Washington rejette l\u2019id\u00e9e \u00ab absurde \u00bb d\u2019une quelconque implication et \u00e9voque \u00ab une attaque terroriste \u00bb du type de celles \u00ab que l\u2019\u00c9tat islamique a commises dans le pass\u00e9 \u00bb.<br \/>\nL\u2019Iran a accus\u00e9 Isra\u00ebl et les \u00c9tats-Unis d\u2019\u00eatre derri\u00e8re l\u2019attentat qui a fait au moins 95 morts le 3 janvier pr\u00e8s de la tombe de Qassem Soleimani, architecte des op\u00e9rations militaires iraniennes au Moyen-Orient dont l\u2019Iran comm\u00e9morait la mort il y a quatre ans.<\/p>\n<p>\u00ab La responsabilit\u00e9 de ce crime incombe aux r\u00e9gimes am\u00e9ricain et sioniste, et le terrorisme n\u2019est qu\u2019un outil \u00bb, a \u00e9crit Mohammad Jamshidi, un conseiller politique du pr\u00e9sident iranien, sur X.<br \/>\nLe d\u00e9partement d\u2019\u00c9tat \u00e0 Washington a jug\u00e9 de son c\u00f4t\u00e9 \u00ab absurde \u00bb toute suggestion d\u2019une implication des \u00c9tats-Unis ou d\u2019Isra\u00ebl. \u00ab Les \u00c9tats-Unis n\u2019ont \u00e9t\u00e9 impliqu\u00e9s en aucune fa\u00e7on \u00bb, a d\u00e9clar\u00e9 le porte-parole du d\u00e9partement d\u2019Etat Matthew Miller, ajoutant : \u00ab Nous n\u2019avons aucune raison de croire qu\u2019Isra\u00ebl est impliqu\u00e9 \u00bb. L\u2019attentat \u00ab ressemble \u00e0 une attaque terroriste, le genre de chose que l\u2019\u00c9tat islamique a fait dans le pass\u00e9 \u00bb, a affirm\u00e9 un haut responsable am\u00e9ricain sous couvert d\u2019anonymat.<\/p>\n<p>Ennemi jur\u00e9 de l\u2019Iran, Isra\u00ebl n\u2019a pas comment\u00e9 l\u2019attentat. \u00ab Nous sommes concentr\u00e9s sur les combats avec le Hamas \u00bb, a r\u00e9pondu \u00e0 une question le porte-parole de l\u2019arm\u00e9e, Daniel Hagari.<\/p>\n<p>https:\/\/www.jeuneafrique.com\/1521157\/politique\/liran-accuse-israel-et-les-etats-unis-apres-lattentat-de-kerman\/<\/p>\n","protected":false},"excerpt":{"rendered":"<p>Washington rejette l\u2019id\u00e9e \u00ab absurde \u00bb d\u2019une quelconque implication et \u00e9voque \u00ab une attaque terroriste \u00bb du type de celles \u00ab que l\u2019\u00c9tat islamique a commises dans le pass\u00e9 \u00bb. L\u2019Iran a accus\u00e9 Isra\u00ebl et les \u00c9tats-Unis d\u2019\u00eatre derri\u00e8re l\u2019attentat qui a fait au moins 95 morts le 3 janvier pr\u00e8s de la tombe de &hellip;<\/p>\n","protected":false},"author":2,"featured_media":8185,"comment_status":"open","ping_status":"open","sticky":false,"template":"","format":"standard","meta":{"footnotes":""},"categories":[18,29],"tags":[],"class_list":["post-8184","post","type-post","status-publish","format-standard","has-post-thumbnail","hentry","category-actualites","category-monde"],"_links":{"self":[{"href":"https:\/\/ladepeche.mr\/index.php?rest_route=\/wp\/v2\/posts\/8184","targetHints":{"allow":["GET"]}}],"collection":[{"href":"https:\/\/ladepeche.mr\/index.php?rest_route=\/wp\/v2\/posts"}],"about":[{"href":"https:\/\/ladepeche.mr\/index.php?rest_route=\/wp\/v2\/types\/post"}],"author":[{"embeddable":true,"href":"https:\/\/ladepeche.mr\/index.php?rest_route=\/wp\/v2\/users\/2"}],"replies":[{"embeddable":true,"href":"https:\/\/ladepeche.mr\/index.php?rest_route=%2Fwp%2Fv2%2Fcomments&post=8184"}],"version-history":[{"count":1,"href":"https:\/\/ladepeche.mr\/index.php?rest_route=\/wp\/v2\/posts\/8184\/revisions"}],"predecessor-version":[{"id":8186,"href":"https:\/\/ladepeche.mr\/index.php?rest_route=\/wp\/v2\/posts\/8184\/revisions\/8186"}],"wp:featuredmedia":[{"embeddable":true,"href":"https:\/\/ladepeche.mr\/index.php?rest_route=\/wp\/v2\/media\/8185"}],"wp:attachment":[{"href":"https:\/\/ladepeche.mr\/index.php?rest_route=%2Fwp%2Fv2%2Fmedia&parent=8184"}],"wp:term":[{"taxonomy":"category","embeddable":true,"href":"https:\/\/ladepeche.mr\/index.php?rest_route=%2Fwp%2Fv2%2Fcategories&post=8184"},{"taxonomy":"post_tag","embeddable":true,"href":"https:\/\/ladepeche.mr\/index.php?rest_route=%2Fwp%2Fv2%2Ftags&post=8184"}],"curies":[{"name":"wp","href":"https:\/\/api.w.org\/{rel}","templated":true}]}}