{"id":8236,"date":"2024-01-29T14:23:03","date_gmt":"2024-01-29T14:23:03","guid":{"rendered":"https:\/\/ladepeche.mr\/?p=8236"},"modified":"2024-01-29T14:23:03","modified_gmt":"2024-01-29T14:23:03","slug":"cloture-de-la-4e-edition-des-journees-culturelles-de-nouadhibou","status":"publish","type":"post","link":"https:\/\/ladepeche.mr\/?p=8236","title":{"rendered":"Cl\u00f4ture de la 4e \u00e9dition des Journ\u00e9es Culturelles de Nouadhibou"},"content":{"rendered":"<p>La quatri\u00e8me \u00e9dition des Journ\u00e9es Culturelles et Artistiques de la Commune de Nouadhibou a \u00e9t\u00e9 cl\u00f4tur\u00e9e soir, dimanche soir, sous la supervision du conseiller du minist\u00e8re de l\u2019Int\u00e9rieur de Nouadhibou charg\u00e9 des affaires administratives et juridiques, M. Mohamed El Hafedh Ould Tolba, en pr\u00e9sence du maire de la commune de Nouadhibou, M. El Ghassem Ould Bellali.<\/p>\n<p>Pendant trois journ\u00e9es cons\u00e9cutifs, cette \u00e9dition a \u00e9t\u00e9 marqu\u00e9e par des comp\u00e9titions dans divers domaines culturels et artistiques, notamment les odes d\u00e9di\u00e9es au Proph\u00e8te (PSL), les beaux-arts, le th\u00e9\u00e2tre, la po\u00e9sie, les contes populaires, les jeux traditionnels, avec une large participation des clubs de la wilaya, y compris ceux pour personnes handicap\u00e9es.<\/p>\n<p>Dans une allocution qu\u2019il a faite \u00e0 cette occasion, le maire de la commune de Nouadhibou a indiqu\u00e9 que cette manifestation traduit l\u2019adh\u00e9sion de la commune \u00e0 la d\u00e9centralisation culturelle, s\u2019engageant \u00e0 ce que les journ\u00e9es culturelles et artistiques de la commune se tiennent deux fois par an au lieu d\u2019une seule fois.<\/p>\n<p>Il a soulign\u00e9 que la municipalit\u00e9 travaille dans le cadre du programme du conseil municipal pour investir dans l\u2019\u00e9ducation, la sant\u00e9, la culture, le sport, etc., appelant le secteur de la culture et du sport \u00e0 soutenir la jeunesse de Nouadhibou.<\/p>\n<p>Le jury d\u00e9sign\u00e9 \u00e0 cet effet a retenu les laur\u00e9ats dans divers arts et ces derniers se sont vus prim\u00e9s en reconnaissance de la qualit\u00e9 de leurs prestations.<\/p>\n<p>Ces journ\u00e9es ont constitu\u00e9 une opportunit\u00e9 pour les jeunes de faire leurs preuves et de renforcer les liens qui les unissent tout comme elles ont jet\u00e9 des passerelles entre les diff\u00e9rents aspects culturels mauritaniennes dans leur expression plurielle.<\/p>\n<p>La c\u00e9r\u00e9monie de cl\u00f4ture s\u2019est d\u00e9roul\u00e9e en pr\u00e9sence du d\u00e9l\u00e9gu\u00e9 r\u00e9gional \u00e0 la culture, du conseiller du directeur r\u00e9gional de l\u2019\u00e9ducation, du pr\u00e9sident de l\u2019Association des parents d\u2019\u00e9l\u00e8ves et d\u2019\u00e9tudiants, des \u00e9lus locaux et des personnalit\u00e9s du monde de la culture, de l\u2019art et de la litt\u00e9rature.<br \/>\nAmi<\/p>\n","protected":false},"excerpt":{"rendered":"<p>La quatri\u00e8me \u00e9dition des Journ\u00e9es Culturelles et Artistiques de la Commune de Nouadhibou a \u00e9t\u00e9 cl\u00f4tur\u00e9e soir, dimanche soir, sous la supervision du conseiller du minist\u00e8re de l\u2019Int\u00e9rieur de Nouadhibou charg\u00e9 des affaires administratives et juridiques, M. Mohamed El Hafedh Ould Tolba, en pr\u00e9sence du maire de la commune de Nouadhibou, M. El Ghassem Ould &hellip;<\/p>\n","protected":false},"author":2,"featured_media":8237,"comment_status":"open","ping_status":"open","sticky":false,"template":"","format":"standard","meta":{"footnotes":""},"categories":[15],"tags":[],"class_list":["post-8236","post","type-post","status-publish","format-standard","has-post-thumbnail","hentry","category-culture"],"_links":{"self":[{"href":"https:\/\/ladepeche.mr\/index.php?rest_route=\/wp\/v2\/posts\/8236","targetHints":{"allow":["GET"]}}],"collection":[{"href":"https:\/\/ladepeche.mr\/index.php?rest_route=\/wp\/v2\/posts"}],"about":[{"href":"https:\/\/ladepeche.mr\/index.php?rest_route=\/wp\/v2\/types\/post"}],"author":[{"embeddable":true,"href":"https:\/\/ladepeche.mr\/index.php?rest_route=\/wp\/v2\/users\/2"}],"replies":[{"embeddable":true,"href":"https:\/\/ladepeche.mr\/index.php?rest_route=%2Fwp%2Fv2%2Fcomments&post=8236"}],"version-history":[{"count":1,"href":"https:\/\/ladepeche.mr\/index.php?rest_route=\/wp\/v2\/posts\/8236\/revisions"}],"predecessor-version":[{"id":8238,"href":"https:\/\/ladepeche.mr\/index.php?rest_route=\/wp\/v2\/posts\/8236\/revisions\/8238"}],"wp:featuredmedia":[{"embeddable":true,"href":"https:\/\/ladepeche.mr\/index.php?rest_route=\/wp\/v2\/media\/8237"}],"wp:attachment":[{"href":"https:\/\/ladepeche.mr\/index.php?rest_route=%2Fwp%2Fv2%2Fmedia&parent=8236"}],"wp:term":[{"taxonomy":"category","embeddable":true,"href":"https:\/\/ladepeche.mr\/index.php?rest_route=%2Fwp%2Fv2%2Fcategories&post=8236"},{"taxonomy":"post_tag","embeddable":true,"href":"https:\/\/ladepeche.mr\/index.php?rest_route=%2Fwp%2Fv2%2Ftags&post=8236"}],"curies":[{"name":"wp","href":"https:\/\/api.w.org\/{rel}","templated":true}]}}