{"id":8239,"date":"2024-01-29T14:28:55","date_gmt":"2024-01-29T14:28:55","guid":{"rendered":"https:\/\/ladepeche.mr\/?p=8239"},"modified":"2024-01-30T14:13:58","modified_gmt":"2024-01-30T14:13:58","slug":"les-trois-juntes-burkina-faso-mali-et-niger-quittent-la-cedeao","status":"publish","type":"post","link":"https:\/\/ladepeche.mr\/?p=8239","title":{"rendered":"Les trois juntes : Burkina Faso, Mali et Niger quittent la CEDEAO"},"content":{"rendered":"<p>Le Burkina Faso, le Mali et le Niger se retirent de la CEDEAO. Les r\u00e9gimes militaires au pouvoir dans ces pays annoncent un retrait sans d\u00e9lai de la Communaut\u00e9 \u00e9conomique des Etats de l&#8217;Afrique de l&#8217;Ouest. L&#8217;Organisation dit attendre la notification formelle et directe de cette d\u00e9cision et appelle \u00e0 trouver une solution face aux cons\u00e9quences que pourraient avoir ce retrait.<br \/>\nFrance24<\/p>\n","protected":false},"excerpt":{"rendered":"<p>Le Burkina Faso, le Mali et le Niger se retirent de la CEDEAO. Les r\u00e9gimes militaires au pouvoir dans ces pays annoncent un retrait sans d\u00e9lai de la Communaut\u00e9 \u00e9conomique des Etats de l&#8217;Afrique de l&#8217;Ouest. L&#8217;Organisation dit attendre la notification formelle et directe de cette d\u00e9cision et appelle \u00e0 trouver une solution face aux &hellip;<\/p>\n","protected":false},"author":2,"featured_media":0,"comment_status":"open","ping_status":"open","sticky":false,"template":"","format":"standard","meta":{"footnotes":""},"categories":[18,29,28],"tags":[],"class_list":["post-8239","post","type-post","status-publish","format-standard","hentry","category-actualites","category-monde","category-sahel"],"_links":{"self":[{"href":"https:\/\/ladepeche.mr\/index.php?rest_route=\/wp\/v2\/posts\/8239","targetHints":{"allow":["GET"]}}],"collection":[{"href":"https:\/\/ladepeche.mr\/index.php?rest_route=\/wp\/v2\/posts"}],"about":[{"href":"https:\/\/ladepeche.mr\/index.php?rest_route=\/wp\/v2\/types\/post"}],"author":[{"embeddable":true,"href":"https:\/\/ladepeche.mr\/index.php?rest_route=\/wp\/v2\/users\/2"}],"replies":[{"embeddable":true,"href":"https:\/\/ladepeche.mr\/index.php?rest_route=%2Fwp%2Fv2%2Fcomments&post=8239"}],"version-history":[{"count":1,"href":"https:\/\/ladepeche.mr\/index.php?rest_route=\/wp\/v2\/posts\/8239\/revisions"}],"predecessor-version":[{"id":8240,"href":"https:\/\/ladepeche.mr\/index.php?rest_route=\/wp\/v2\/posts\/8239\/revisions\/8240"}],"wp:attachment":[{"href":"https:\/\/ladepeche.mr\/index.php?rest_route=%2Fwp%2Fv2%2Fmedia&parent=8239"}],"wp:term":[{"taxonomy":"category","embeddable":true,"href":"https:\/\/ladepeche.mr\/index.php?rest_route=%2Fwp%2Fv2%2Fcategories&post=8239"},{"taxonomy":"post_tag","embeddable":true,"href":"https:\/\/ladepeche.mr\/index.php?rest_route=%2Fwp%2Fv2%2Ftags&post=8239"}],"curies":[{"name":"wp","href":"https:\/\/api.w.org\/{rel}","templated":true}]}}