{"id":8241,"date":"2024-01-29T14:32:29","date_gmt":"2024-01-29T14:32:29","guid":{"rendered":"https:\/\/ladepeche.mr\/?p=8241"},"modified":"2024-01-29T14:32:29","modified_gmt":"2024-01-29T14:32:29","slug":"lordre-national-des-medecins-mauritaniens-organise-son-premier-congres","status":"publish","type":"post","link":"https:\/\/ladepeche.mr\/?p=8241","title":{"rendered":"L\u2019ordre national des m\u00e9decins mauritaniens organise son premier congr\u00e8s"},"content":{"rendered":"<p>L\u2019ordre national des m\u00e9decins mauritaniens a organis\u00e9 son premier congr\u00e8s apr\u00e8s la s\u00e9paration des 3 corps, en collaboration avec la f\u00e9d\u00e9ration maghr\u00e9bine des m\u00e9decins, sous le rh\u00e8me de \u201d Nous \u0153uvrons pour une profession noble au profit des malades\u201d.<\/p>\n<p>Les participants ont discut\u00e9, \u00e0 cette occasion, un certain nombre de sujets qui int\u00e9ressent le d\u00e9veloppement de la profession, l\u2019am\u00e9lioration des services m\u00e9dicaux , la situation g\u00e9n\u00e9rale des m\u00e9decins , l\u2019\u00e9thique et la pratique de la profession.<\/p>\n<p>Des conf\u00e9rences ont \u00e9t\u00e9 aussi donn\u00e9es par des Docteurs et des sp\u00e9cialistes en la mati\u00e8re qui ont jet\u00e9 la lumi\u00e8re sur les d\u00e9fis auxquels font face les professionnels de la m\u00e9decine et les meilleurs moyens de les r\u00e9soudre.<br \/>\nDans un mot prononc\u00e9 pour la circonstance, la ministre de la Sant\u00e9, Mme Haha Mint Hamdi Ould Meknass, a insist\u00e9 sur l\u2019importance de ce congr\u00e8s , car devant contribuer de mani\u00e8re tr\u00e8s grande, \u00e0 l\u2019appui des efforts du gouvernement dans l\u2019am\u00e9lioration de la situation du secteur sanitaire et de ses prestations, pr\u00e9cisant que les sujets qui seront pr\u00e9sent\u00e9s au cours de la rencontre ont trait dans leur ensemble aux pr\u00e9occupations du Pr\u00e9sident de la R\u00e9publique, Son Excellence Monsieur Mohamed Ould Cheikh El Ghazouani concr\u00e9tis\u00e9es dans le Programme du Gouvernement du Premier ministre, M. Mohamed Ould Boilal Messoud.<\/p>\n<p>La ministre a ensuite pass\u00e9 en revue certaines r\u00e9alisations accomplies dans le domaine de l\u2019am\u00e9lioration de la pratique de la profession de la m\u00e9decine, \u00e0 travers l\u2019\u00e9laboration et l\u2019adoption d\u2019une politique nationale et de strat\u00e9gies dans les domaines de la qualit\u00e9 des services sanitaires et des soins m\u00e9dicaux, de la propagation et de l\u2019ancrage de la culture de la qualit\u00e9 \u00e0 tous les niveaux du syst\u00e8me sanitaire, en plus de l\u2019am\u00e9lioration de la gestion des ressources humaines et mat\u00e9rielles au niveau des institutions sanitaires , de l\u2019actualisation et de l\u2019application des textes organisationnels r\u00e9gissant le secteur priv\u00e9.<\/p>\n<p>Elle a soulign\u00e9 que le secteur consid\u00e8re l\u2019ordre national des m\u00e9decins comme un partenaire important et un conseiller utile qui m\u00e9rite tout appui dans l\u2019exercice de sa profession, en l\u2019associant dans toutes ses politiques , en respectant ses d\u00e9cisions et en \u0153uvrant s\u00e9rieusement \u00e0 leur ex\u00e9cution.<\/p>\n<p>Elle s\u2019est aussi engag\u00e9e \u00e0 appliquer les recommandations et les propositions qui seront issues du congr\u00e8s, rendant hommage \u00e0 la participation de la d\u00e9l\u00e9gation de la f\u00e9d\u00e9ration maghr\u00e9bine et exprimant sa confiance dans l\u2019\u00e9change des exp\u00e9riences et des comp\u00e9tences entre les deux parties.<br \/>\nDe son c\u00f4t\u00e9, le pr\u00e9sident de l\u2019ordre national des m\u00e9decins mauritaniens, M. Horma Zein, a indiqu\u00e9 que l\u2019ordre organise son congr\u00e8s apr\u00e8s la s\u00e9paration entre les trois corps, en m\u00eame temps avec le premier congr\u00e8s organisationnel de la f\u00e9d\u00e9ration maghr\u00e9bine des m\u00e9decins, soulignant qu\u2019il s\u2019agit d\u2019un \u00e9v\u00e8nement important r\u00e9unissant plusieurs m\u00e9decins, sp\u00e9cialistes et experts des domaines s\u2019int\u00e9ressant \u00e0 la pratique de la profession et \u00e0 son \u00e9thique.<\/p>\n<p>De son c\u00f4t\u00e9, le pr\u00e9sident de la f\u00e9d\u00e9ration maghr\u00e9bine des m\u00e9decins, M. Mohamedine Boubekri, a indiqu\u00e9 que l\u2019objectif de cette rencontre est de passer en revue les programmes de coop\u00e9ration actuels et les perspectives d\u2019avenir.<\/p>\n<p>En marge du congr\u00e8s, un bouclier a \u00e9t\u00e9 remis \u00e0 la ministre de la Sant\u00e9 pour avoir fait siennes les id\u00e9es du congr\u00e8s et pour avoir appuy\u00e9 constamment l\u2019ordre des m\u00e9decins.<br \/>\nAmi<\/p>\n","protected":false},"excerpt":{"rendered":"<p>L\u2019ordre national des m\u00e9decins mauritaniens a organis\u00e9 son premier congr\u00e8s apr\u00e8s la s\u00e9paration des 3 corps, en collaboration avec la f\u00e9d\u00e9ration maghr\u00e9bine des m\u00e9decins, sous le rh\u00e8me de \u201d Nous \u0153uvrons pour une profession noble au profit des malades\u201d. Les participants ont discut\u00e9, \u00e0 cette occasion, un certain nombre de sujets qui int\u00e9ressent le d\u00e9veloppement &hellip;<\/p>\n","protected":false},"author":2,"featured_media":8242,"comment_status":"open","ping_status":"open","sticky":false,"template":"","format":"standard","meta":{"footnotes":""},"categories":[27],"tags":[],"class_list":["post-8241","post","type-post","status-publish","format-standard","has-post-thumbnail","hentry","category-sante"],"_links":{"self":[{"href":"https:\/\/ladepeche.mr\/index.php?rest_route=\/wp\/v2\/posts\/8241","targetHints":{"allow":["GET"]}}],"collection":[{"href":"https:\/\/ladepeche.mr\/index.php?rest_route=\/wp\/v2\/posts"}],"about":[{"href":"https:\/\/ladepeche.mr\/index.php?rest_route=\/wp\/v2\/types\/post"}],"author":[{"embeddable":true,"href":"https:\/\/ladepeche.mr\/index.php?rest_route=\/wp\/v2\/users\/2"}],"replies":[{"embeddable":true,"href":"https:\/\/ladepeche.mr\/index.php?rest_route=%2Fwp%2Fv2%2Fcomments&post=8241"}],"version-history":[{"count":1,"href":"https:\/\/ladepeche.mr\/index.php?rest_route=\/wp\/v2\/posts\/8241\/revisions"}],"predecessor-version":[{"id":8243,"href":"https:\/\/ladepeche.mr\/index.php?rest_route=\/wp\/v2\/posts\/8241\/revisions\/8243"}],"wp:featuredmedia":[{"embeddable":true,"href":"https:\/\/ladepeche.mr\/index.php?rest_route=\/wp\/v2\/media\/8242"}],"wp:attachment":[{"href":"https:\/\/ladepeche.mr\/index.php?rest_route=%2Fwp%2Fv2%2Fmedia&parent=8241"}],"wp:term":[{"taxonomy":"category","embeddable":true,"href":"https:\/\/ladepeche.mr\/index.php?rest_route=%2Fwp%2Fv2%2Fcategories&post=8241"},{"taxonomy":"post_tag","embeddable":true,"href":"https:\/\/ladepeche.mr\/index.php?rest_route=%2Fwp%2Fv2%2Ftags&post=8241"}],"curies":[{"name":"wp","href":"https:\/\/api.w.org\/{rel}","templated":true}]}}