{"id":8247,"date":"2024-01-30T12:20:38","date_gmt":"2024-01-30T12:20:38","guid":{"rendered":"https:\/\/ladepeche.mr\/?p=8247"},"modified":"2024-01-30T12:29:38","modified_gmt":"2024-01-30T12:29:38","slug":"can2023-ghazouani-premier-supporter-des-mourabitounes","status":"publish","type":"post","link":"https:\/\/ladepeche.mr\/?p=8247","title":{"rendered":"CAN2023: Ghazouani, premier supporter des &#8220;Mourabitounes&#8221;"},"content":{"rendered":"<p>Le pr\u00e9sident de la R\u00e9publique, Mohamed Ould Ghazouani, absent de la capitale, n\u2019aurait pas rat\u00e9 la prestation lundi des Mourabitounes, en huiti\u00e8me de finale de la CAN2023.<br \/>\nD\u00e9j\u00e0 content de leur accession historique \u00e0 ce stade de la comp\u00e9tition continentale, le pr\u00e9sident de la R\u00e9publique, a encore lou\u00e9, dans un nouveau tweet, la \u00ab performance h\u00e9ro\u00efque et collective notre \u00e9quipe nationale Mourabitoune\u00bb. \u00ab Notre \u00e9quipe nationale a pu cr\u00e9er la surprise et est entr\u00e9e dans l\u2019histoire, en parvenant au deuxi\u00e8me tour de la Coupe d\u2019Afrique des Nations 2023, gr\u00e2ce \u00e0 sa performance h\u00e9ro\u00efque et collective dans tous ses matchs \u00bb a \u00e9crit en substance le premier supporter des Mourabitounes avant de les assurer de son soutien et de ses encouragements pour relever d\u2019autres succ\u00e8s.<\/p>\n","protected":false},"excerpt":{"rendered":"<p>Le pr\u00e9sident de la R\u00e9publique, Mohamed Ould Ghazouani, absent de la capitale, n\u2019aurait pas rat\u00e9 la prestation lundi des Mourabitounes, en huiti\u00e8me de finale de la CAN2023. D\u00e9j\u00e0 content de leur accession historique \u00e0 ce stade de la comp\u00e9tition continentale, le pr\u00e9sident de la R\u00e9publique, a encore lou\u00e9, dans un nouveau tweet, la \u00ab performance &hellip;<\/p>\n","protected":false},"author":2,"featured_media":8248,"comment_status":"open","ping_status":"open","sticky":false,"template":"","format":"standard","meta":{"footnotes":""},"categories":[18,17],"tags":[],"class_list":["post-8247","post","type-post","status-publish","format-standard","has-post-thumbnail","hentry","category-actualites","category-sports"],"_links":{"self":[{"href":"https:\/\/ladepeche.mr\/index.php?rest_route=\/wp\/v2\/posts\/8247","targetHints":{"allow":["GET"]}}],"collection":[{"href":"https:\/\/ladepeche.mr\/index.php?rest_route=\/wp\/v2\/posts"}],"about":[{"href":"https:\/\/ladepeche.mr\/index.php?rest_route=\/wp\/v2\/types\/post"}],"author":[{"embeddable":true,"href":"https:\/\/ladepeche.mr\/index.php?rest_route=\/wp\/v2\/users\/2"}],"replies":[{"embeddable":true,"href":"https:\/\/ladepeche.mr\/index.php?rest_route=%2Fwp%2Fv2%2Fcomments&post=8247"}],"version-history":[{"count":3,"href":"https:\/\/ladepeche.mr\/index.php?rest_route=\/wp\/v2\/posts\/8247\/revisions"}],"predecessor-version":[{"id":8251,"href":"https:\/\/ladepeche.mr\/index.php?rest_route=\/wp\/v2\/posts\/8247\/revisions\/8251"}],"wp:featuredmedia":[{"embeddable":true,"href":"https:\/\/ladepeche.mr\/index.php?rest_route=\/wp\/v2\/media\/8248"}],"wp:attachment":[{"href":"https:\/\/ladepeche.mr\/index.php?rest_route=%2Fwp%2Fv2%2Fmedia&parent=8247"}],"wp:term":[{"taxonomy":"category","embeddable":true,"href":"https:\/\/ladepeche.mr\/index.php?rest_route=%2Fwp%2Fv2%2Fcategories&post=8247"},{"taxonomy":"post_tag","embeddable":true,"href":"https:\/\/ladepeche.mr\/index.php?rest_route=%2Fwp%2Fv2%2Ftags&post=8247"}],"curies":[{"name":"wp","href":"https:\/\/api.w.org\/{rel}","templated":true}]}}