{"id":8264,"date":"2024-01-30T15:15:29","date_gmt":"2024-01-30T15:15:29","guid":{"rendered":"https:\/\/ladepeche.mr\/?p=8264"},"modified":"2024-01-30T13:41:06","modified_gmt":"2024-01-30T13:41:06","slug":"la-cedeao-prete-a-une-solution-negociee-apres-le-retrait-du-mali-du-burkina-et-du-niger","status":"publish","type":"post","link":"https:\/\/ladepeche.mr\/?p=8264","title":{"rendered":"La Cedeao pr\u00eate \u00e0 une \u00ab solution n\u00e9goci\u00e9e \u00bb apr\u00e8s le retrait du Mali, du Burkina et du Niger"},"content":{"rendered":"<p>La Communaut\u00e9 \u00e9conomique des Etats d\u2019Afrique de l\u2019Ouest (Cedeao) s\u2019est d\u00e9clar\u00e9e pr\u00eate dimanche dans un communiqu\u00e9 \u00e0 trouver \u00ab une solution n\u00e9goci\u00e9e \u00bb apr\u00e8s l\u2019annonce de retrait de l\u2019organisation du Mali, du Burkina Faso et du Niger.<\/p>\n<p>Ces trois pays sont \u00ab des membres importants de la Communaut\u00e9 \u00bb qui \u00ab reste engag\u00e9e \u00e0 trouver une solution n\u00e9goci\u00e9e \u00e0 l\u2019impasse politique \u00bb cr\u00e9\u00e9e par l\u2019annonce de leur retrait dimanche dans un communiqu\u00e9 commun. La Cedeao dit attendre encore \u00ab la notification formelle et directe \u00bb de cette d\u00e9cision.<\/p>\n<p>Avec le retrait du Burkina Faso, du Mali et du Niger de la CEDEAO, l\u2019organisation sous r\u00e9gionale perd en superficie 2 781 000 km2 sur ses 5 113 000km2, soit 54,39%.  Donc plus de la moiti\u00e9 de sa superficie. C\u2019est \u00e9galement quelque 75 millions de consommateurs que la Cedeao vient de perdre  <\/p>\n","protected":false},"excerpt":{"rendered":"<p>La Communaut\u00e9 \u00e9conomique des Etats d\u2019Afrique de l\u2019Ouest (Cedeao) s\u2019est d\u00e9clar\u00e9e pr\u00eate dimanche dans un communiqu\u00e9 \u00e0 trouver \u00ab une solution n\u00e9goci\u00e9e \u00bb apr\u00e8s l\u2019annonce de retrait de l\u2019organisation du Mali, du Burkina Faso et du Niger. Ces trois pays sont \u00ab des membres importants de la Communaut\u00e9 \u00bb qui \u00ab reste engag\u00e9e \u00e0 trouver &hellip;<\/p>\n","protected":false},"author":2,"featured_media":8265,"comment_status":"open","ping_status":"open","sticky":false,"template":"","format":"standard","meta":{"footnotes":""},"categories":[18,29,28],"tags":[],"class_list":["post-8264","post","type-post","status-publish","format-standard","has-post-thumbnail","hentry","category-actualites","category-monde","category-sahel"],"_links":{"self":[{"href":"https:\/\/ladepeche.mr\/index.php?rest_route=\/wp\/v2\/posts\/8264","targetHints":{"allow":["GET"]}}],"collection":[{"href":"https:\/\/ladepeche.mr\/index.php?rest_route=\/wp\/v2\/posts"}],"about":[{"href":"https:\/\/ladepeche.mr\/index.php?rest_route=\/wp\/v2\/types\/post"}],"author":[{"embeddable":true,"href":"https:\/\/ladepeche.mr\/index.php?rest_route=\/wp\/v2\/users\/2"}],"replies":[{"embeddable":true,"href":"https:\/\/ladepeche.mr\/index.php?rest_route=%2Fwp%2Fv2%2Fcomments&post=8264"}],"version-history":[{"count":1,"href":"https:\/\/ladepeche.mr\/index.php?rest_route=\/wp\/v2\/posts\/8264\/revisions"}],"predecessor-version":[{"id":8266,"href":"https:\/\/ladepeche.mr\/index.php?rest_route=\/wp\/v2\/posts\/8264\/revisions\/8266"}],"wp:featuredmedia":[{"embeddable":true,"href":"https:\/\/ladepeche.mr\/index.php?rest_route=\/wp\/v2\/media\/8265"}],"wp:attachment":[{"href":"https:\/\/ladepeche.mr\/index.php?rest_route=%2Fwp%2Fv2%2Fmedia&parent=8264"}],"wp:term":[{"taxonomy":"category","embeddable":true,"href":"https:\/\/ladepeche.mr\/index.php?rest_route=%2Fwp%2Fv2%2Fcategories&post=8264"},{"taxonomy":"post_tag","embeddable":true,"href":"https:\/\/ladepeche.mr\/index.php?rest_route=%2Fwp%2Fv2%2Ftags&post=8264"}],"curies":[{"name":"wp","href":"https:\/\/api.w.org\/{rel}","templated":true}]}}