{"id":8270,"date":"2024-01-31T13:56:05","date_gmt":"2024-01-31T13:56:05","guid":{"rendered":"https:\/\/ladepeche.mr\/?p=8270"},"modified":"2024-01-31T13:56:05","modified_gmt":"2024-01-31T13:56:05","slug":"le-president-de-la-republique-regagne-la-capitale-en-provenance-de-rome","status":"publish","type":"post","link":"https:\/\/ladepeche.mr\/?p=8270","title":{"rendered":"Le Pr\u00e9sident de la R\u00e9publique regagne la capitale en provenance de Rome"},"content":{"rendered":"<p>Le pr\u00e9sident de la R\u00e9publique M. Mohamed Ould Cheikh El Ghazouani a regagn\u00e9 mardi soir Nouakchott en provenance de Rome, apr\u00e8s avoir particip\u00e9 au sommet italo-africain.<\/p>\n<p>A son arriv\u00e9e \u00e0 l\u2019a\u00e9roport international \u2018\u2019Oumtounsy\u2019\u2019 de Nouakchott, le Chef de l\u2019\u00c9tat a \u00e9t\u00e9 accueilli par le Premier ministre, M. Mohamed Bilal Messoud, le ministre secr\u00e9taire g\u00e9n\u00e9ral de la Pr\u00e9sidence de la R\u00e9publique, les ministres conseillers \u00e0 la Pr\u00e9sidence de la R\u00e9publique, un certain nombre de membres du gouvernement, le chef d\u2019\u00e9tat-major sp\u00e9cial du Pr\u00e9sident de la R\u00e9publique, le wali mou\u00e7aid de Nouakchott- Ouest et la vice-pr\u00e9sidente de la R\u00e9gion de Nouakchott.<\/p>\n<p>Outre le Pr\u00e9sident de la R\u00e9publique, plus de vingt chefs d\u2019\u00c9tat et de gouvernement africains et 57 d\u00e9l\u00e9gations internationales ont particip\u00e9 au sommet, ainsi que des repr\u00e9sentants de l\u2019Union europ\u00e9enne, d\u2019organisations r\u00e9gionales et d\u2019institutions multilat\u00e9rales op\u00e9rant sur le continent, telles que la Banque mondiale et le Fonds mon\u00e9taire international.<\/p>\n<p>Au cours du sommet, les \u00e9changes des points de vue ont port\u00e9 sur le plan strat\u00e9gique pr\u00e9sent\u00e9 par le gouvernement italien visant \u00e0 r\u00e9\u00e9valuer l\u2019approche de la coop\u00e9ration avec le continent africain.<\/p>\n<p>En marge du sommet, le Pr\u00e9sident de la R\u00e9publique s\u2019est \u00e9galement entretenu avec plusieurs de ses homologues, chefs d\u2019\u00c9tat de pays fr\u00e8res et amis, ainsi qu\u2019avec le directeur g\u00e9n\u00e9ral du Fonds mon\u00e9taire international, avec lesquels ils a discut\u00e9 des moyens de renforcer et de d\u00e9velopper la coop\u00e9ration dans tous les domaines.<\/p>\n<p>Son Excellence Monsieur le Pr\u00e9sident de la R\u00e9publique \u00e9tait accompagn\u00e9 d\u2019une importante d\u00e9l\u00e9gation comprenant :<\/p>\n<p>-Dr Mariem Mint Dah, Premi\u00e8re Dame ;<\/p>\n<p>-Mokhtar Ould Diay, ministre charg\u00e9 du Cabinet du Pr\u00e9sident de la R\u00e9publique :<\/p>\n<p>-Mohamed Salem Ould Merzoug, ministre des Affaires \u00e9trang\u00e8res, de la coop\u00e9ration et des mauritaniens de l\u2019ext\u00e9rieur<\/p>\n<p>\u2013Mohamed Mahmoud Ould Dahi, ambassadeur de notre pays \u00e0 Rome<\/p>\n<p>\u2013El Hacen Ould Ahmed, directeur g\u00e9n\u00e9ral du Protocole d\u2019\u00c9tat.<br \/>\nA\u00f9i<\/p>\n","protected":false},"excerpt":{"rendered":"<p>Le pr\u00e9sident de la R\u00e9publique M. Mohamed Ould Cheikh El Ghazouani a regagn\u00e9 mardi soir Nouakchott en provenance de Rome, apr\u00e8s avoir particip\u00e9 au sommet italo-africain. A son arriv\u00e9e \u00e0 l\u2019a\u00e9roport international \u2018\u2019Oumtounsy\u2019\u2019 de Nouakchott, le Chef de l\u2019\u00c9tat a \u00e9t\u00e9 accueilli par le Premier ministre, M. Mohamed Bilal Messoud, le ministre secr\u00e9taire g\u00e9n\u00e9ral de &hellip;<\/p>\n","protected":false},"author":2,"featured_media":8271,"comment_status":"open","ping_status":"open","sticky":false,"template":"","format":"standard","meta":{"footnotes":""},"categories":[18,29],"tags":[],"class_list":["post-8270","post","type-post","status-publish","format-standard","has-post-thumbnail","hentry","category-actualites","category-monde"],"_links":{"self":[{"href":"https:\/\/ladepeche.mr\/index.php?rest_route=\/wp\/v2\/posts\/8270","targetHints":{"allow":["GET"]}}],"collection":[{"href":"https:\/\/ladepeche.mr\/index.php?rest_route=\/wp\/v2\/posts"}],"about":[{"href":"https:\/\/ladepeche.mr\/index.php?rest_route=\/wp\/v2\/types\/post"}],"author":[{"embeddable":true,"href":"https:\/\/ladepeche.mr\/index.php?rest_route=\/wp\/v2\/users\/2"}],"replies":[{"embeddable":true,"href":"https:\/\/ladepeche.mr\/index.php?rest_route=%2Fwp%2Fv2%2Fcomments&post=8270"}],"version-history":[{"count":1,"href":"https:\/\/ladepeche.mr\/index.php?rest_route=\/wp\/v2\/posts\/8270\/revisions"}],"predecessor-version":[{"id":8272,"href":"https:\/\/ladepeche.mr\/index.php?rest_route=\/wp\/v2\/posts\/8270\/revisions\/8272"}],"wp:featuredmedia":[{"embeddable":true,"href":"https:\/\/ladepeche.mr\/index.php?rest_route=\/wp\/v2\/media\/8271"}],"wp:attachment":[{"href":"https:\/\/ladepeche.mr\/index.php?rest_route=%2Fwp%2Fv2%2Fmedia&parent=8270"}],"wp:term":[{"taxonomy":"category","embeddable":true,"href":"https:\/\/ladepeche.mr\/index.php?rest_route=%2Fwp%2Fv2%2Fcategories&post=8270"},{"taxonomy":"post_tag","embeddable":true,"href":"https:\/\/ladepeche.mr\/index.php?rest_route=%2Fwp%2Fv2%2Ftags&post=8270"}],"curies":[{"name":"wp","href":"https:\/\/api.w.org\/{rel}","templated":true}]}}