{"id":8278,"date":"2024-02-05T12:55:45","date_gmt":"2024-02-05T12:55:45","guid":{"rendered":"https:\/\/ladepeche.mr\/?p=8278"},"modified":"2024-02-05T12:55:45","modified_gmt":"2024-02-05T12:55:45","slug":"aux-portes-de-gaza-des-parlementaires-francais-exigent-un-cessez-le-feu","status":"publish","type":"post","link":"https:\/\/ladepeche.mr\/?p=8278","title":{"rendered":"Aux portes de Gaza, des parlementaires fran\u00e7ais exigent un cessez-le-feu"},"content":{"rendered":"<p>Des d\u00e9put\u00e9s et s\u00e9nateurs fran\u00e7ais FI, PCF et \u00e9cologistes se sont rendus au terminal de Rafah en \u00c9gypte qui ouvre sur l\u2019enfer de l\u2019enclave palestinienne. Ceints de leur \u00e9charpe tricolore, ils ont exig\u00e9 un cessez-le-feu imm\u00e9diat et demand\u00e9 la lib\u00e9ration des otages isra\u00e9liens et des prisonniers palestiniens.<\/p>\n<p>Une quinzaine de parlementaires de la gauche fran\u00e7aise1 (1) portent au Proche-Orient une autre voix de la France, celle de la paix. Men\u00e9e par le d\u00e9put\u00e9 FI, \u00c9ric Coquerel, une d\u00e9l\u00e9gation est arriv\u00e9e au Caire, samedi 3 f\u00e9vrier, et se trouvait, dimanche, aux portes de la bande de Gaza, au terminal de Rafah, \u00ab \u00e0 port\u00e9e de voix de la population gazaouie \u00bb.<\/p>\n<p>Sur la route qui y m\u00e8ne, des centaines et des centaines de camions sont rang\u00e9s sur le bas-c\u00f4t\u00e9, attendant de pouvoir livrer les pr\u00e9cieuses marchandises \u00e0 une population de Gaza exsangue ; 27 000 morts, des dizaines de milliers de bless\u00e9s, les infrastructures d\u00e9truites et maintenant la famine qui s\u2019annonce\u2026<\/p>\n<p>C\u00f4t\u00e9 \u00e9gyptien, devant cette porte qui ouvre maintenant sur l\u2019enfer, les parlementaires ont solennellement rev\u00eatu leur \u00e9charpe tricolore et, sous l\u2019\u0153il inquisiteur des drones isra\u00e9liens qui n\u2019en finissent pas d\u2019espionner, ils ont lu en fran\u00e7ais, en anglais et en arabe une d\u00e9claration dans laquelle ils affirment : \u00ab Nous sommes venu\u00b7es \u00e0 Rafah pour t\u00e9moigner et apporter notre solidarit\u00e9 \u00e0 toutes les populations civiles. Nous venons \u00e0 la rencontre des associations humanitaires qui \u0153uvrent ici aupr\u00e8s des r\u00e9fugi\u00e9s et des bless\u00e9s. \u00bb<\/p>\n<p>\u00ab Ces massacres ne peuvent justifier cette punition collective inflig\u00e9e au peuple palestinien \u00bb<br \/>\nSur leur veste, ils avaient appos\u00e9 un autocollant \u00ab Isra\u00ebl-Palestine, cessez-le-feu imm\u00e9diat \u00bb, leur but essentiel. Dans la capitale \u00e9gyptienne, \u00c9ric Coquerel avait, la veille, soulign\u00e9 le contexte de ce d\u00e9placement, une semaine apr\u00e8s que la Cour internationale de justice a appel\u00e9 Isra\u00ebl \u00ab \u00e0 prendre toutes les mesures en son pouvoir pour emp\u00eacher \u00bb les actes qui pourraient relever de la Convention des Nations unies sur le g\u00e9nocide.<\/p>\n<p>De son c\u00f4t\u00e9, la d\u00e9put\u00e9e communiste Soumya Bourouaha a expliqu\u00e9 : \u00ab Nous avons tous \u00e9t\u00e9 horrifi\u00e9s par les prises d\u2019otages (\u2026) et nous partageons l\u2019attente et l\u2019angoisse des familles qui restent sans nouvelles \u00bb, depuis l\u2019attaque du 7 octobre men\u00e9e par le Hamas. \u00ab Mais ces massacres ne peuvent justifier cette punition collective inflig\u00e9e au peuple palestinien. \u00bb.<br \/>\nLire la suite : https:\/\/www.humanite.fr\/monde\/guerre-israel-hamas\/aux-portes-de-gaza-des-parlementaires-francais-exigent-un-cessez-le-feu<\/p>\n","protected":false},"excerpt":{"rendered":"<p>Des d\u00e9put\u00e9s et s\u00e9nateurs fran\u00e7ais FI, PCF et \u00e9cologistes se sont rendus au terminal de Rafah en \u00c9gypte qui ouvre sur l\u2019enfer de l\u2019enclave palestinienne. Ceints de leur \u00e9charpe tricolore, ils ont exig\u00e9 un cessez-le-feu imm\u00e9diat et demand\u00e9 la lib\u00e9ration des otages isra\u00e9liens et des prisonniers palestiniens. Une quinzaine de parlementaires de la gauche fran\u00e7aise1 &hellip;<\/p>\n","protected":false},"author":2,"featured_media":8279,"comment_status":"open","ping_status":"open","sticky":false,"template":"","format":"standard","meta":{"footnotes":""},"categories":[18,29],"tags":[],"class_list":["post-8278","post","type-post","status-publish","format-standard","has-post-thumbnail","hentry","category-actualites","category-monde"],"_links":{"self":[{"href":"https:\/\/ladepeche.mr\/index.php?rest_route=\/wp\/v2\/posts\/8278","targetHints":{"allow":["GET"]}}],"collection":[{"href":"https:\/\/ladepeche.mr\/index.php?rest_route=\/wp\/v2\/posts"}],"about":[{"href":"https:\/\/ladepeche.mr\/index.php?rest_route=\/wp\/v2\/types\/post"}],"author":[{"embeddable":true,"href":"https:\/\/ladepeche.mr\/index.php?rest_route=\/wp\/v2\/users\/2"}],"replies":[{"embeddable":true,"href":"https:\/\/ladepeche.mr\/index.php?rest_route=%2Fwp%2Fv2%2Fcomments&post=8278"}],"version-history":[{"count":1,"href":"https:\/\/ladepeche.mr\/index.php?rest_route=\/wp\/v2\/posts\/8278\/revisions"}],"predecessor-version":[{"id":8280,"href":"https:\/\/ladepeche.mr\/index.php?rest_route=\/wp\/v2\/posts\/8278\/revisions\/8280"}],"wp:featuredmedia":[{"embeddable":true,"href":"https:\/\/ladepeche.mr\/index.php?rest_route=\/wp\/v2\/media\/8279"}],"wp:attachment":[{"href":"https:\/\/ladepeche.mr\/index.php?rest_route=%2Fwp%2Fv2%2Fmedia&parent=8278"}],"wp:term":[{"taxonomy":"category","embeddable":true,"href":"https:\/\/ladepeche.mr\/index.php?rest_route=%2Fwp%2Fv2%2Fcategories&post=8278"},{"taxonomy":"post_tag","embeddable":true,"href":"https:\/\/ladepeche.mr\/index.php?rest_route=%2Fwp%2Fv2%2Ftags&post=8278"}],"curies":[{"name":"wp","href":"https:\/\/api.w.org\/{rel}","templated":true}]}}