{"id":8284,"date":"2024-02-06T14:24:40","date_gmt":"2024-02-06T14:24:40","guid":{"rendered":"https:\/\/ladepeche.mr\/?p=8284"},"modified":"2024-02-06T14:24:40","modified_gmt":"2024-02-06T14:24:40","slug":"sante-la-greve-des-sages-femmes-est-suivie-a-80-syndicat","status":"publish","type":"post","link":"https:\/\/ladepeche.mr\/?p=8284","title":{"rendered":"Sant\u00e9- \u00ab La gr\u00e8ve des sages-femmes \u00bb est suivie \u00e0 80% (syndicat)"},"content":{"rendered":"<p>Le Syndicat national des sages-femmes annonce mardi que le mouvement de gr\u00e8ve d\u00e9clench\u00e9 par les sages-femmes sur toute l\u2019\u00e9tendue du territoire national a \u00e9t\u00e9 suivi \u00e0 80% par le personnel concern\u00e9.<br \/>\nSelon les organisatrices, la gr\u00e8ve lanc\u00e9e pour une semaine dans toutes les structures de sant\u00e9 avait \u00e9t\u00e9 annonc\u00e9e dans un pr\u00e9avis transmis, sans suite, aux autorit\u00e9s concern\u00e9es, il y a un mois d\u00e9j\u00e0.<br \/>\nLe syndicat pr\u00e9tend \u00e9galement que plusieurs arr\u00eats de travail avaient organis\u00e9s pour sensibiliser les d\u00e9cideurs sur l\u2019importance d\u2019une discussion des dol\u00e9ances pos\u00e9es. <\/p>\n","protected":false},"excerpt":{"rendered":"<p>Le Syndicat national des sages-femmes annonce mardi que le mouvement de gr\u00e8ve d\u00e9clench\u00e9 par les sages-femmes sur toute l\u2019\u00e9tendue du territoire national a \u00e9t\u00e9 suivi \u00e0 80% par le personnel concern\u00e9. Selon les organisatrices, la gr\u00e8ve lanc\u00e9e pour une semaine dans toutes les structures de sant\u00e9 avait \u00e9t\u00e9 annonc\u00e9e dans un pr\u00e9avis transmis, sans suite, &hellip;<\/p>\n","protected":false},"author":2,"featured_media":8285,"comment_status":"open","ping_status":"open","sticky":false,"template":"","format":"standard","meta":{"footnotes":""},"categories":[18,27],"tags":[],"class_list":["post-8284","post","type-post","status-publish","format-standard","has-post-thumbnail","hentry","category-actualites","category-sante"],"_links":{"self":[{"href":"https:\/\/ladepeche.mr\/index.php?rest_route=\/wp\/v2\/posts\/8284","targetHints":{"allow":["GET"]}}],"collection":[{"href":"https:\/\/ladepeche.mr\/index.php?rest_route=\/wp\/v2\/posts"}],"about":[{"href":"https:\/\/ladepeche.mr\/index.php?rest_route=\/wp\/v2\/types\/post"}],"author":[{"embeddable":true,"href":"https:\/\/ladepeche.mr\/index.php?rest_route=\/wp\/v2\/users\/2"}],"replies":[{"embeddable":true,"href":"https:\/\/ladepeche.mr\/index.php?rest_route=%2Fwp%2Fv2%2Fcomments&post=8284"}],"version-history":[{"count":1,"href":"https:\/\/ladepeche.mr\/index.php?rest_route=\/wp\/v2\/posts\/8284\/revisions"}],"predecessor-version":[{"id":8286,"href":"https:\/\/ladepeche.mr\/index.php?rest_route=\/wp\/v2\/posts\/8284\/revisions\/8286"}],"wp:featuredmedia":[{"embeddable":true,"href":"https:\/\/ladepeche.mr\/index.php?rest_route=\/wp\/v2\/media\/8285"}],"wp:attachment":[{"href":"https:\/\/ladepeche.mr\/index.php?rest_route=%2Fwp%2Fv2%2Fmedia&parent=8284"}],"wp:term":[{"taxonomy":"category","embeddable":true,"href":"https:\/\/ladepeche.mr\/index.php?rest_route=%2Fwp%2Fv2%2Fcategories&post=8284"},{"taxonomy":"post_tag","embeddable":true,"href":"https:\/\/ladepeche.mr\/index.php?rest_route=%2Fwp%2Fv2%2Ftags&post=8284"}],"curies":[{"name":"wp","href":"https:\/\/api.w.org\/{rel}","templated":true}]}}