{"id":8299,"date":"2024-02-08T12:54:37","date_gmt":"2024-02-08T12:54:37","guid":{"rendered":"https:\/\/ladepeche.mr\/?p=8299"},"modified":"2024-02-08T16:40:21","modified_gmt":"2024-02-08T16:40:21","slug":"gaza-netanyahou-continue-de-narguer-la-communaute-internationale","status":"publish","type":"post","link":"https:\/\/ladepeche.mr\/?p=8299","title":{"rendered":"Gaza : Netanyahou continue de narguer la communaut\u00e9 internationale"},"content":{"rendered":"<p>Malgr\u00e9 la d\u00e9cision de la Cour Internationale de Justice, la proposition Us de sortie de la crise, le criminel de guerre, Benyamin Netanyahou, continue impun\u00e9ment son g\u00e9nocide \u00e0 Gaza. L&#8217;enclave palestinienne est mise \u00e0 feu et \u00e0 sang.<\/p>\n<p>La communaut\u00e9 internationale suivait avec un grand int\u00e9r\u00eat le p\u00e9riple men\u00e9 par le secr\u00e9taire d\u2019Etat us aux affaires \u00e9trang\u00e8res, A. Blinken, dans la r\u00e9gion du Proche-Orient. Une tourn\u00e9e cens\u00e9e faire revenir \u00e0 la raison le gouvernement isra\u00e9lien d\u00e9j\u00e0 soup\u00e7onn\u00e9 par la Cour Internationale de Justice de mener un g\u00e9nocide \u00e0 Gaza. Une accusation de \u2018risque \u00bb qui vaut son pesant de crainte aupr\u00e8s du principal alli\u00e9 am\u00e9ricain de l\u2019Etat h\u00e9breu.<br \/>\nDepuis l\u2019indexation d\u2019Israel, suite \u00e0 la plainte de g\u00e9nocide introduite contre lui par l\u2019Afrique du Sud, les Etats-Unis apparaissaient embarrass\u00e9s par la tournure judiciaire de cette affaire. Il faut bien comprendre que les Etats-Unis, au risque de se faire accuser de complicit\u00e9 dans le g\u00e9nocide, avaient jusqu\u2019ici assur\u00e9 une impunit\u00e9 \u00e0 Israel malgr\u00e9 les massacres perp\u00e9tr\u00e9s contre les civils palestiniens. Une situation qui a m\u00eame \u00e9corn\u00e9 l\u2019image de l\u2019Administration Us et de son pr\u00e9sident, Biden. Un autre risque in\u00e9luctable s\u2019effectue pour les Etats-Unis avec les menaces d&#8217;extension du ressentiment anti-Us \u00e0 leurs garnisons dans la sous-r\u00e9gion; \u00e0 cause d&#8217;Israel. D\u2019une certaine mani\u00e8re, les Usa payent d\u00e9j\u00e0 le tribut de l\u2019enlisement de Tsahal dans la bande de Gaza.<br \/>\nLa sentence de la CIJ r\u00e9sonne donc comme un \u00ab enough \u00bb de la communaut\u00e9 internationale face \u00e0 ce qui semble une arrogance et une soif insatiable de sang du premier Ministre Isr\u00e9alien, d\u00e9sormais qualifi\u00e9 de \u00ab Boucher \u00bb de Gaza.<br \/>\nOutre son aspect immoral, la guerre que m\u00e8ne, sans foi, ni loi, le gouvernement d\u2019extr\u00eame droite isra\u00e9lienne, est rejet\u00e9e dans le monde entier y compris en Isra\u00e9l m\u00eame o\u00f9 de plus en plus de voix s\u2019\u00e9l\u00e8vent pour d\u00e9noncer une violence et une guerre sans issue pour les isra\u00e9liens.<br \/>\nC\u2019est dans ce contexte que le secr\u00e9taire d\u2019Etat Us a repris son b\u00e2ton de p\u00e8lerin pour tenter de dissuader le chef du Likoud. Une visite qui a permis au responsable Us de se rendre au Qatar, en Arabie Saoudite, en Israel et en Palestine occup\u00e9e. L\u2019une des premi\u00e8res le\u00e7ons apr\u00e8s les propositions de cessez-le-feu du Hamas, en droite ligne de la rencontre de Paris qui a \u00e9bauch\u00e9 une sortie de crise, Blankin a rappel\u00e9 \u00e0 l\u2019ordre les ultraorthodoxes dont la violence et la v\u00e9h\u00e9mence du discours n\u2019a m\u00eame pas \u00e9pargn\u00e9 les Etats-Unis, principal soutien de l\u2019Etat sioniste dans la r\u00e9gion.<br \/>\nCependant, force est de constater que l\u2019attitude du premier Ministre isra\u00e9lien, qui cherche \u00e0 sauver sa peau contre toutes les \u00e9ventuelles poursuites judiciaires, transparait comme un chantage qu\u2019il fait \u00e0 ses propres protecteurs. Le \u00abBoucher \u00bb de Gaza s\u2019agrippe, en effet, \u00e0 une planche de salut qui ne risque pas de le mener \u00e0 bon port. Mais si les am\u00e9ricains ont r\u00e9ussi jusqu\u2019ici \u00e0 \u00e9viter que les nations-unies ne s\u2019approprient la d\u00e9cision de la CIJ, privil\u00e9giant une solution diplomatique, il est bien clair que les extr\u00e9mistes isra\u00e9liens ne l\u2019entendent pas de la m\u00eame oreille et continuent \u00e0 bafouer le droit et la protection internationales dues au peuple palestinien face \u00e0 l\u2019h\u00e9g\u00e9monie et au g\u00e9nocide perp\u00e9tr\u00e9 contre lui.<br \/>\nJD  <\/p>\n","protected":false},"excerpt":{"rendered":"<p>Malgr\u00e9 la d\u00e9cision de la Cour Internationale de Justice, la proposition Us de sortie de la crise, le criminel de guerre, Benyamin Netanyahou, continue impun\u00e9ment son g\u00e9nocide \u00e0 Gaza. L&#8217;enclave palestinienne est mise \u00e0 feu et \u00e0 sang. La communaut\u00e9 internationale suivait avec un grand int\u00e9r\u00eat le p\u00e9riple men\u00e9 par le secr\u00e9taire d\u2019Etat us aux &hellip;<\/p>\n","protected":false},"author":2,"featured_media":8300,"comment_status":"open","ping_status":"open","sticky":false,"template":"","format":"standard","meta":{"footnotes":""},"categories":[18,29],"tags":[],"class_list":["post-8299","post","type-post","status-publish","format-standard","has-post-thumbnail","hentry","category-actualites","category-monde"],"_links":{"self":[{"href":"https:\/\/ladepeche.mr\/index.php?rest_route=\/wp\/v2\/posts\/8299","targetHints":{"allow":["GET"]}}],"collection":[{"href":"https:\/\/ladepeche.mr\/index.php?rest_route=\/wp\/v2\/posts"}],"about":[{"href":"https:\/\/ladepeche.mr\/index.php?rest_route=\/wp\/v2\/types\/post"}],"author":[{"embeddable":true,"href":"https:\/\/ladepeche.mr\/index.php?rest_route=\/wp\/v2\/users\/2"}],"replies":[{"embeddable":true,"href":"https:\/\/ladepeche.mr\/index.php?rest_route=%2Fwp%2Fv2%2Fcomments&post=8299"}],"version-history":[{"count":7,"href":"https:\/\/ladepeche.mr\/index.php?rest_route=\/wp\/v2\/posts\/8299\/revisions"}],"predecessor-version":[{"id":8313,"href":"https:\/\/ladepeche.mr\/index.php?rest_route=\/wp\/v2\/posts\/8299\/revisions\/8313"}],"wp:featuredmedia":[{"embeddable":true,"href":"https:\/\/ladepeche.mr\/index.php?rest_route=\/wp\/v2\/media\/8300"}],"wp:attachment":[{"href":"https:\/\/ladepeche.mr\/index.php?rest_route=%2Fwp%2Fv2%2Fmedia&parent=8299"}],"wp:term":[{"taxonomy":"category","embeddable":true,"href":"https:\/\/ladepeche.mr\/index.php?rest_route=%2Fwp%2Fv2%2Fcategories&post=8299"},{"taxonomy":"post_tag","embeddable":true,"href":"https:\/\/ladepeche.mr\/index.php?rest_route=%2Fwp%2Fv2%2Ftags&post=8299"}],"curies":[{"name":"wp","href":"https:\/\/api.w.org\/{rel}","templated":true}]}}