{"id":8318,"date":"2024-02-09T20:54:31","date_gmt":"2024-02-09T20:54:31","guid":{"rendered":"https:\/\/ladepeche.mr\/?p=8318"},"modified":"2024-02-09T18:57:09","modified_gmt":"2024-02-09T18:57:09","slug":"reunion-du-groupe-parlementaire-damitie-mauritano-marocaine","status":"publish","type":"post","link":"https:\/\/ladepeche.mr\/?p=8318","title":{"rendered":"R\u00e9union du groupe parlementaire d\u2019amiti\u00e9 mauritano-marocaine"},"content":{"rendered":"<p>Le groupe parlementaire de l\u2019amiti\u00e9 maroco-mauritanienne s\u2019est r\u00e9uni, vendredi, \u00e0 l\u2019Assembl\u00e9e nationale \u00e0 Nouakchott.<\/p>\n<p>La r\u00e9union s\u2019est d\u00e9roul\u00e9e sous la pr\u00e9sidence conjointe du pr\u00e9sident de l\u2019Assembl\u00e9e nationale et du pr\u00e9sident de la Chambre marocaine des repr\u00e9sentants ; MM. Mohamed Bamba Meguet et Rachid Talbi Alami.<\/p>\n<p>Dans son mot \u00e0 cette occasion, le pr\u00e9sident de l\u2019Assembl\u00e9e nationale a soulign\u00e9 que la Mauritanie et le Royaume fr\u00e8re du Maroc entretiennent des relations fortes et ancestrales, expliquant que la t\u00e2che du groupe parlementaire est d\u2019enraciner les relations bilat\u00e9rales entre les deux pays, et de les incarner, \u00e0 travers la diplomatie parlementaire.<\/p>\n<p>Il a not\u00e9 que le groupe parlementaire d\u2019amiti\u00e9 mauritano-marocain incarne la volont\u00e9 politique des deux pays et de leurs dirigeants, Son Excellence le Pr\u00e9sident de la R\u00e9publique, Monsieur Mohamed Ould Cheikh El-Ghazouani, et Sa Majest\u00e9 le Roi Mohammed VI.<\/p>\n<p>M. Ould Meguet a ajout\u00e9 que les forums de Nouakchott et de Rabat, qui verront bient\u00f4t le jour, permettront l\u2019int\u00e9gration entre les deux pays, \u00e0 travers l\u2019\u00e9laboration et la mise en \u0153uvre de plans d\u2019action conjoints.<\/p>\n<p>Quant au pr\u00e9sident du Conseil des Repr\u00e9sentants du Maroc, il a exprim\u00e9 ses remerciements et sa joie pour l\u2019invitation qui lui a \u00e9t\u00e9 adress\u00e9e par le pr\u00e9sident de l\u2019Assembl\u00e9e nationale, ainsi que pour l\u2019accueil chaleureux et l\u2019hospitalit\u00e9 avec lesquels il a \u00e9t\u00e9 entour\u00e9, soulignant qu\u2019il existe une volont\u00e9 populaire entre les deux pays de d\u00e9velopper ces relations.<\/p>\n<p>Il a ajout\u00e9 que le forum annuel entre de l\u2019Assembl\u00e9e nationale mauritanienne et le conseil marocain des Repr\u00e9sentants, qui englobe es gouvernements des deux pays et leurs hommes d\u2019affaires, d\u00e9terminera les domaines de coop\u00e9ration \u00e9conomique et leur mise en \u0153uvre, ce qui r\u00e9alisera l\u2019int\u00e9gration entre les deux pays.<\/p>\n<p>M. Alami a f\u00e9licit\u00e9 les d\u00e9put\u00e9s et le peuple mauritaniens pour la mise en place de la cha\u00eene parlementaire, ce qui leur a permis de b\u00e9n\u00e9ficier de son expertise dans le domaine.<\/p>\n<p>Pour sa part, le d\u00e9put\u00e9 Behaidda Ould Khattry, pr\u00e9sident du groupe parlementaire a remerci\u00e9 les deux pr\u00e9sident d\u2019avoir donn\u00e9 l\u2019opportunit\u00e9 \u00e0 l\u2019\u00e9change sur les perspectives de coop\u00e9ration.<\/p>\n<p>Il a ajout\u00e9 que jouit de l\u2019expertise et de l\u2019exp\u00e9rience n\u00e9cessaire pour son bon fonctionnement.<br \/>\nAmi<\/p>\n","protected":false},"excerpt":{"rendered":"<p>Le groupe parlementaire de l\u2019amiti\u00e9 maroco-mauritanienne s\u2019est r\u00e9uni, vendredi, \u00e0 l\u2019Assembl\u00e9e nationale \u00e0 Nouakchott. La r\u00e9union s\u2019est d\u00e9roul\u00e9e sous la pr\u00e9sidence conjointe du pr\u00e9sident de l\u2019Assembl\u00e9e nationale et du pr\u00e9sident de la Chambre marocaine des repr\u00e9sentants ; MM. Mohamed Bamba Meguet et Rachid Talbi Alami. Dans son mot \u00e0 cette occasion, le pr\u00e9sident de l\u2019Assembl\u00e9e &hellip;<\/p>\n","protected":false},"author":2,"featured_media":8319,"comment_status":"open","ping_status":"open","sticky":false,"template":"","format":"standard","meta":{"footnotes":""},"categories":[18,29],"tags":[],"class_list":["post-8318","post","type-post","status-publish","format-standard","has-post-thumbnail","hentry","category-actualites","category-monde"],"_links":{"self":[{"href":"https:\/\/ladepeche.mr\/index.php?rest_route=\/wp\/v2\/posts\/8318","targetHints":{"allow":["GET"]}}],"collection":[{"href":"https:\/\/ladepeche.mr\/index.php?rest_route=\/wp\/v2\/posts"}],"about":[{"href":"https:\/\/ladepeche.mr\/index.php?rest_route=\/wp\/v2\/types\/post"}],"author":[{"embeddable":true,"href":"https:\/\/ladepeche.mr\/index.php?rest_route=\/wp\/v2\/users\/2"}],"replies":[{"embeddable":true,"href":"https:\/\/ladepeche.mr\/index.php?rest_route=%2Fwp%2Fv2%2Fcomments&post=8318"}],"version-history":[{"count":1,"href":"https:\/\/ladepeche.mr\/index.php?rest_route=\/wp\/v2\/posts\/8318\/revisions"}],"predecessor-version":[{"id":8320,"href":"https:\/\/ladepeche.mr\/index.php?rest_route=\/wp\/v2\/posts\/8318\/revisions\/8320"}],"wp:featuredmedia":[{"embeddable":true,"href":"https:\/\/ladepeche.mr\/index.php?rest_route=\/wp\/v2\/media\/8319"}],"wp:attachment":[{"href":"https:\/\/ladepeche.mr\/index.php?rest_route=%2Fwp%2Fv2%2Fmedia&parent=8318"}],"wp:term":[{"taxonomy":"category","embeddable":true,"href":"https:\/\/ladepeche.mr\/index.php?rest_route=%2Fwp%2Fv2%2Fcategories&post=8318"},{"taxonomy":"post_tag","embeddable":true,"href":"https:\/\/ladepeche.mr\/index.php?rest_route=%2Fwp%2Fv2%2Ftags&post=8318"}],"curies":[{"name":"wp","href":"https:\/\/api.w.org\/{rel}","templated":true}]}}