{"id":8321,"date":"2024-02-09T19:30:36","date_gmt":"2024-02-09T19:30:36","guid":{"rendered":"https:\/\/ladepeche.mr\/?p=8321"},"modified":"2024-02-09T19:00:50","modified_gmt":"2024-02-09T19:00:50","slug":"le-president-de-la-republique-recoit-un-message-ecrit-de-son-homologue-algerien","status":"publish","type":"post","link":"https:\/\/ladepeche.mr\/?p=8321","title":{"rendered":"Le Pr\u00e9sident de la R\u00e9publique re\u00e7oit un message \u00e9crit de son homologue alg\u00e9rien"},"content":{"rendered":"<p>\u2013 Son Excellence le Pr\u00e9sident de la R\u00e9publique, M. Mohamed Ould Cheikh El Ghazouani, a re\u00e7u, vendredi, un message \u00e9crit de Son Excellence Monsieur Abdelmadjid Tebboune, Pr\u00e9sident de la R\u00e9publique alg\u00e9rienne d\u00e9mocratique et populaire.<\/p>\n<p>Le message a \u00e9t\u00e9 remis lors de la r\u00e9ception du Pr\u00e9sident de la R\u00e9publique, vendredi au Palais pr\u00e9sidentiel \u00e0 Nouakchott, du ministre alg\u00e9rien des Affaires \u00e9trang\u00e8res et de la Communaut\u00e9 nationale \u00e0 l\u2019Ext\u00e9rieur, M. Ahmed Attaf, envoy\u00e9 sp\u00e9cial du Pr\u00e9sident alg\u00e9rien.<br \/>\nA l\u2019issue de l\u2019audience, le responsable alg\u00e9rien a fait la d\u00e9claration suivante \u00e0 l\u2019Agence Mauritanienne d\u2019Information:<\/p>\n<p>\u2018\u2019Tout d\u2019abord, je voudrais exprimer mes plus profonds remerciements, mon appr\u00e9ciation et ma gratitude \u00e0 Son Excellence le Pr\u00e9sident de la R\u00e9publique Monsieur Mohamed Ould Cheikh El Ghazouani, pour l\u2019accueil qu\u2019il m\u2019a r\u00e9serv\u00e9 et pour les entretiens tr\u00e8s fructueux que j\u2019ai eus avec Son Excellence ce matin.<\/p>\n<p>Je voudrais, \u00e9galement, exprimer mon grand plaisir d\u2019\u00eatre dans ce pays fr\u00e8re et cher, dont nous sommes fiers des liens solides qui nous unissent depuis belle lurette, et dont les ramifications couvrent pratiquement tous les domaines d\u2019int\u00e9r\u00eat commun.<\/p>\n<p>Je suis venu aujourd\u2019hui en tant qu\u2019envoy\u00e9 sp\u00e9cial porteur d\u2019un message de Son Excellence le Pr\u00e9sident Abdelmadjid Tebboune \u00e0 son fr\u00e8re, Son Excellence le Pr\u00e9sident Mohamed Ould Cheikh El Ghazouani, dirigeants de nos deux pays fr\u00e8res, qui partagent l\u2019ambition commune de renforcer les relations alg\u00e9ro-mauritaniennes et de les \u00e9lever au plus haut niveau.<\/p>\n<p>Les deux hommes sont, \u00e9galement, unis par leur ferme volont\u00e9 de faire tout ce qui contribue \u00e0 l\u2019instauration de la s\u00e9curit\u00e9 et de la stabilit\u00e9 dans notre r\u00e9gion et dans notre voisinage r\u00e9gional.<\/p>\n<p>La rencontre que j\u2019ai eue avec Son Excellence a \u00e9t\u00e9 une occasion pr\u00e9cieuse de r\u00e9affirmer l\u2019importance qu\u2019attachent nos deux dirigeants \u00e0 la communication et \u00e0 la coordination \u00e0 tous les niveaux, ainsi que leur satisfaction quant aux r\u00e9sultats tangibles et significatifs obtenus sur la voie de la consolidation des relations alg\u00e9ro-mauritaniennes dans toutes leurs dimensions.<\/p>\n<p>Avec confiance et optimisme, je peux affirmer avec que ces relations sont actuellement dans leurs phases historiques les plus avanc\u00e9es et les plus dynamiques, en particulier, dans le contexte des projets d\u2019int\u00e9gration que le Pr\u00e9sident Abdelmadjid Tebboune et son fr\u00e8re, le Pr\u00e9sident Mohamed Ould Cheikh El Ghazouani, ont convenus.<\/p>\n<p>Bien entendu, le projet strat\u00e9gique de construction de la route terrestre Zouerate \u2013 Tindouf est au premier rang de ces projets.<\/p>\n<p>Bien entendu, il existe d\u2019autres projets qui ne sont pas moins importants que cette route, comme l\u2019ach\u00e8vement des deux passages frontaliers, l\u2019inauguration de la premi\u00e8re banque alg\u00e9rienne install\u00e9e en Mauritanie et la premi\u00e8re exposition permanente de produits alg\u00e9riens dans ce pays fr\u00e8re.<\/p>\n<p>D\u2019autres projets sont au c\u0153ur de l\u2019attention directe port\u00e9e \u00e0 la dimension humaine et sociale des relations alg\u00e9ro-mauritaniennes, des projets qui concernent des domaines qui b\u00e9n\u00e9ficieront rapidement et s\u00fbrement aux citoyens, comme la sant\u00e9 et la formation professionnelle en particulier.<\/p>\n<p>Autant nous sommes fiers de ce changement qualitatif des relations de coop\u00e9ration et de partenariat entre nos deux pays fr\u00e8res, autant nous partageons la m\u00eame profonde pr\u00e9occupation face aux tensions qui nous entourent et aux d\u00e9veloppements dangereux s\u2019agissant de la cause palestinienne.<\/p>\n<p>Dans ce contexte, et sur la base des positions de principe et des orientations identiques partag\u00e9es par nos deux pays fr\u00e8res, et en tant que citoyens de stabilit\u00e9 et de s\u00e9curit\u00e9 dans une r\u00e9gion devenue un titre d\u2019instabilit\u00e9 et d\u2019ins\u00e9curit\u00e9, l\u2019Alg\u00e9rie et la Mauritanie intensifieront leurs efforts conjoints pour influencer positivement le cours des \u00e9v\u00e8nements au profit des pays et des peuples de la r\u00e9gion.<\/p>\n<p>En conclusion, je renouvelle mes remerciements et ma reconnaissance \u00e0 Son Excellence le Pr\u00e9sident Mohamed Ould Cheikh El Ghazouani de m\u2019avoir accord\u00e9 de son temps pr\u00e9cieux et pour le message de fraternit\u00e9 et d\u2019affection qu\u2019il m\u2019a remis pour le transmettre \u00e0 son fr\u00e8re, le Pr\u00e9sident Abdelmadjid Tebboune.<br \/>\nJe ne peux terminer mes propos sans adresser mes plus chaleureuses f\u00e9licitations \u00e0 l\u2019\u00e9quipe mauritanienne de football, qui nous a r\u00e9chauff\u00e9 le c\u0153ur malgr\u00e9 son \u00e9limination de la Coupe d\u2019Afrique des Nations, nos sinc\u00e8res f\u00e9licitations pour le merveilleux niveau que le football mauritanien a atteint, et nous n\u2019avons aucun reproche \u00e0 vous faire\u2019\u2019.<\/p>\n<p>La rencontre s\u2019est d\u00e9roul\u00e9e en pr\u00e9sence du ministre charg\u00e9 du cabinet du Pr\u00e9sident de la R\u00e9publique, M. Mokhtar Ould Diaye, du ministre des Affaires Etrang\u00e8res, de la Coop\u00e9ration et des Mauritaniens de l\u2019Ext\u00e9rieur, M. Mohamed Salem Ould Merzough, de l\u2019ambassadeur d\u2019Alg\u00e9rie en Mauritanie, S.E. M. Mohamed Benattou, et de M. Driss Latrash, conseiller au minist\u00e8re alg\u00e9rien des Affaires Etrang\u00e8res.<br \/>\nAmi<\/p>\n","protected":false},"excerpt":{"rendered":"<p>\u2013 Son Excellence le Pr\u00e9sident de la R\u00e9publique, M. Mohamed Ould Cheikh El Ghazouani, a re\u00e7u, vendredi, un message \u00e9crit de Son Excellence Monsieur Abdelmadjid Tebboune, Pr\u00e9sident de la R\u00e9publique alg\u00e9rienne d\u00e9mocratique et populaire. Le message a \u00e9t\u00e9 remis lors de la r\u00e9ception du Pr\u00e9sident de la R\u00e9publique, vendredi au Palais pr\u00e9sidentiel \u00e0 Nouakchott, du &hellip;<\/p>\n","protected":false},"author":2,"featured_media":8322,"comment_status":"open","ping_status":"open","sticky":false,"template":"","format":"standard","meta":{"footnotes":""},"categories":[18,29],"tags":[],"class_list":["post-8321","post","type-post","status-publish","format-standard","has-post-thumbnail","hentry","category-actualites","category-monde"],"_links":{"self":[{"href":"https:\/\/ladepeche.mr\/index.php?rest_route=\/wp\/v2\/posts\/8321","targetHints":{"allow":["GET"]}}],"collection":[{"href":"https:\/\/ladepeche.mr\/index.php?rest_route=\/wp\/v2\/posts"}],"about":[{"href":"https:\/\/ladepeche.mr\/index.php?rest_route=\/wp\/v2\/types\/post"}],"author":[{"embeddable":true,"href":"https:\/\/ladepeche.mr\/index.php?rest_route=\/wp\/v2\/users\/2"}],"replies":[{"embeddable":true,"href":"https:\/\/ladepeche.mr\/index.php?rest_route=%2Fwp%2Fv2%2Fcomments&post=8321"}],"version-history":[{"count":1,"href":"https:\/\/ladepeche.mr\/index.php?rest_route=\/wp\/v2\/posts\/8321\/revisions"}],"predecessor-version":[{"id":8323,"href":"https:\/\/ladepeche.mr\/index.php?rest_route=\/wp\/v2\/posts\/8321\/revisions\/8323"}],"wp:featuredmedia":[{"embeddable":true,"href":"https:\/\/ladepeche.mr\/index.php?rest_route=\/wp\/v2\/media\/8322"}],"wp:attachment":[{"href":"https:\/\/ladepeche.mr\/index.php?rest_route=%2Fwp%2Fv2%2Fmedia&parent=8321"}],"wp:term":[{"taxonomy":"category","embeddable":true,"href":"https:\/\/ladepeche.mr\/index.php?rest_route=%2Fwp%2Fv2%2Fcategories&post=8321"},{"taxonomy":"post_tag","embeddable":true,"href":"https:\/\/ladepeche.mr\/index.php?rest_route=%2Fwp%2Fv2%2Ftags&post=8321"}],"curies":[{"name":"wp","href":"https:\/\/api.w.org\/{rel}","templated":true}]}}