{"id":8324,"date":"2024-02-09T21:10:14","date_gmt":"2024-02-09T21:10:14","guid":{"rendered":"https:\/\/ladepeche.mr\/?p=8324"},"modified":"2024-02-09T21:10:14","modified_gmt":"2024-02-09T21:10:14","slug":"declaration-a-la-presse-de-la-presidente-von-der-leyen-en-mauritanie","status":"publish","type":"post","link":"https:\/\/ladepeche.mr\/?p=8324","title":{"rendered":"D\u00e9claration \u00e0 la presse de la Pr\u00e9sidente von der Leyen en Mauritanie"},"content":{"rendered":"<p>Cher Pr\u00e9sident Ghazouani,<\/p>\n<p>Merci pour votre accueil si chaleureux. C&#8217;est un plaisir de vous revoir, M. le Pr\u00e9sident, peu de temps apr\u00e8s votre visite \u00e0 Bruxelles. Et d&#8217;\u00eatre ici avec vous, cher Premier ministre S\u00e1nchez est un plaisir exceptionnel.<\/p>\n<p>Notre visite montre l&#8217;importance de notre partenariat avec la Mauritanie. Ce partenariat n&#8217;a fait que grandir au cours des derni\u00e8res ann\u00e9es dans un contexte difficile. Je pense \u00e9videmment \u00e0 l&#8217;instabilit\u00e9 actuelle dans le Sahel. Mais aussi \u00e0 l&#8217;invasion de l&#8217;Ukraine par la Russie, et ses cons\u00e9quences terribles sur le monde et notamment l&#8217;Afrique. Votre condamnation de cette agression vous honore et elle nous rapproche.<\/p>\n<p>Dans un tel contexte, il est naturel que nous voulions renforcer plus encore notre partenariat. Nous faisons cela aujourd&#8217;hui.<\/p>\n<p>D&#8217;abord gr\u00e2ce \u00e0 notre strat\u00e9gie d&#8217;investissement pour le monde, Global Gateway. Global Gateway \u0153uvre \u00e0 la transition \u00e9nerg\u00e9tique en Mauritanie. Vous avez un immense potentiel pour l&#8217;hydrog\u00e8ne vert, nous en avons discut\u00e9 \u00e0 Bruxelles lors du Forum Global Gateway, et nous y avons lanc\u00e9 un grand projet Team Europe. Notamment avec la France, l&#8217;Allemagne et l&#8217;Espagne, pour d\u00e9velopper l&#8217;ensemble de cette fili\u00e8re strat\u00e9gique en finan\u00e7ant, par exemple, des infrastructures mais aussi les comp\u00e9tences n\u00e9cessaires.<\/p>\n<p>Cela va cr\u00e9er des emplois et attirer des investissements, ici, en Mauritanie. Parce que c&#8217;est cela l&#8217;objectif de Global Gateway \u2013 faire cro\u00eetre nos partenaires. B\u00e2tir cette fili\u00e8re hydrog\u00e8ne vert demandera \u00e9quipements et technologies, il faudra les transporter, vers le nord du pays o\u00f9 les conditions m\u00e9t\u00e9orologiques \u2013 vent et soleil \u2013 sont parmi les plus favorables au monde. Donc la Commission va soutenir le d\u00e9veloppement du grand projet routier de Nouakchott \u00e0 Nouadhibou.<\/p>\n<p>Et enfin je veux mentionner un projet si important pour la vie des Mauritaniens. Une ligne \u00e0 haute tension de 1 400 km de Nouakchott \u00e0 N\u00e9ma, avec une centrale solaire \u00e0 Kiffa pour un acc\u00e8s stable \u00e0 l&#8217;\u00e9lectricit\u00e9 et une transition \u00e9nerg\u00e9tique acc\u00e9l\u00e9r\u00e9e. Avec la Banque europ\u00e9enne d&#8217;investissement, nous pr\u00e9voyons de soutenir courant 2024 ce grand projet. Global Gateway accompagne \u00e9galement votre transition num\u00e9rique. Par exemple en soutenant financi\u00e8rement l&#8217;ouverture prochaine d&#8217;un centre de donn\u00e9es pr\u00e8s d&#8217;ici ou en participant au financement d&#8217;un second c\u00e2ble sous-marin \u00e0 fibre optique pour plus de connectivit\u00e9 \u2013 et plus d&#8217;opportunit\u00e9s.<\/p>\n<p>Nous renfor\u00e7ons \u00e9galement notre partenariat dans le domaine de la s\u00e9curit\u00e9. La situation dans le Sahel est tr\u00e8s pr\u00e9caire et la Mauritanie joue un r\u00f4le primordial pour la stabilit\u00e9 dans la r\u00e9gion. C&#8217;est pourquoi nous augmentons notre soutien pour la s\u00e9curit\u00e9 avec plus de 22 millions d&#8217;euros additionnels, ce qui fait 40 millions d&#8217;euros en tout cette ann\u00e9e. Cela va notamment financer l&#8217;\u00e9quipement d&#8217;un nouveau bataillon mauritanien pour lutter contre le terrorisme et s\u00e9curiser la fronti\u00e8re orientale avec le Mali et cela va aussi financer la formation d&#8217;officiers sup\u00e9rieurs au Coll\u00e8ge de la D\u00e9fense.<\/p>\n<p>L&#8217;ins\u00e9curit\u00e9 et le manque d&#8217;opportunit\u00e9s \u00e9conomiques dans la r\u00e9gion poussent beaucoup de gens \u00e0 la migration. Cette migration les am\u00e8ne souvent en premier lieu en Mauritanie, comme vous nous l&#8217;avez dit vous-m\u00eame aujourd&#8217;hui.<\/p>\n<p>\u00c0 ce titre, votre accueil des quelques 150 000 r\u00e9fugi\u00e9s maliens qui fuient la violence dans leur pays, vous honore. Cette migration fait tomber de nombreuses personnes dans les pi\u00e8ges cyniques des passeurs et met leurs vies en p\u00e9ril. Je tiens \u00e0 souligner votre engagement remarquable, \u00e0 sauver la vie de migrants qui prennent la route de l&#8217;Atlantique \u2013 une des plus dangereuses au monde. L&#8217;Union europ\u00e9enne et la Mauritanie doivent renforcer leur coop\u00e9ration dans ce domaine ainsi que pour la gestion des fronti\u00e8res, les retours et l&#8217;assistance aux r\u00e9fugi\u00e9s, mais aussi \u2013 et c&#8217;est tr\u00e8s important \u2013 pour donner plus d&#8217;opportunit\u00e9s \u00e0 la jeunesse.<\/p>\n<p>Nous avons discut\u00e9 d&#8217;une d\u00e9claration et feuille de route commune, que nous finaliserons au printemps accompagn\u00e9e d&#8217;une enveloppe financi\u00e8re \u2013 plus de 210 millions d&#8217;euros d&#8217;ici \u00e0 la fin de l&#8217;ann\u00e9e \u2013 pour la gestion de la migration, pour l&#8217;aide humanitaire pour les r\u00e9fugi\u00e9s mais aussi pour les investissements dans l&#8217;emploi, les comp\u00e9tences et l&#8217;entrepreneuriat, sous Global Gateway.<\/p>\n<p>Pour conclure, je me r\u00e9jouis de voir notre partenariat \u00e9voluer et se renforcer. Je sais que nous ferons un excellent travail ensemble.<\/p>\n<p>Source Commission Europ\u00e9enne<\/p>\n","protected":false},"excerpt":{"rendered":"<p>Cher Pr\u00e9sident Ghazouani, Merci pour votre accueil si chaleureux. C&#8217;est un plaisir de vous revoir, M. le Pr\u00e9sident, peu de temps apr\u00e8s votre visite \u00e0 Bruxelles. Et d&#8217;\u00eatre ici avec vous, cher Premier ministre S\u00e1nchez est un plaisir exceptionnel. Notre visite montre l&#8217;importance de notre partenariat avec la Mauritanie. Ce partenariat n&#8217;a fait que grandir &hellip;<\/p>\n","protected":false},"author":2,"featured_media":8325,"comment_status":"open","ping_status":"open","sticky":false,"template":"","format":"standard","meta":{"footnotes":""},"categories":[18,29,19],"tags":[],"class_list":["post-8324","post","type-post","status-publish","format-standard","has-post-thumbnail","hentry","category-actualites","category-monde","category-tribune"],"_links":{"self":[{"href":"https:\/\/ladepeche.mr\/index.php?rest_route=\/wp\/v2\/posts\/8324","targetHints":{"allow":["GET"]}}],"collection":[{"href":"https:\/\/ladepeche.mr\/index.php?rest_route=\/wp\/v2\/posts"}],"about":[{"href":"https:\/\/ladepeche.mr\/index.php?rest_route=\/wp\/v2\/types\/post"}],"author":[{"embeddable":true,"href":"https:\/\/ladepeche.mr\/index.php?rest_route=\/wp\/v2\/users\/2"}],"replies":[{"embeddable":true,"href":"https:\/\/ladepeche.mr\/index.php?rest_route=%2Fwp%2Fv2%2Fcomments&post=8324"}],"version-history":[{"count":1,"href":"https:\/\/ladepeche.mr\/index.php?rest_route=\/wp\/v2\/posts\/8324\/revisions"}],"predecessor-version":[{"id":8326,"href":"https:\/\/ladepeche.mr\/index.php?rest_route=\/wp\/v2\/posts\/8324\/revisions\/8326"}],"wp:featuredmedia":[{"embeddable":true,"href":"https:\/\/ladepeche.mr\/index.php?rest_route=\/wp\/v2\/media\/8325"}],"wp:attachment":[{"href":"https:\/\/ladepeche.mr\/index.php?rest_route=%2Fwp%2Fv2%2Fmedia&parent=8324"}],"wp:term":[{"taxonomy":"category","embeddable":true,"href":"https:\/\/ladepeche.mr\/index.php?rest_route=%2Fwp%2Fv2%2Fcategories&post=8324"},{"taxonomy":"post_tag","embeddable":true,"href":"https:\/\/ladepeche.mr\/index.php?rest_route=%2Fwp%2Fv2%2Ftags&post=8324"}],"curies":[{"name":"wp","href":"https:\/\/api.w.org\/{rel}","templated":true}]}}