{"id":8331,"date":"2024-02-14T12:56:23","date_gmt":"2024-02-14T12:56:23","guid":{"rendered":"https:\/\/ladepeche.mr\/?p=8331"},"modified":"2024-02-14T12:56:23","modified_gmt":"2024-02-14T12:56:23","slug":"premier-rapport-annuel-sur-leducation-sur-quoi-achoppe-lecole-republicaine","status":"publish","type":"post","link":"https:\/\/ladepeche.mr\/?p=8331","title":{"rendered":"Premier rapport annuel sur l\u2019\u00e9ducation : Sur quoi achoppe l\u2019\u00e9cole R\u00e9publicaine ?"},"content":{"rendered":"<p>Le pr\u00e9sident de la R\u00e9publique, Mohamed Ould Ghazouani, qui avait enfourch\u00e9 la r\u00e9forme du syst\u00e8me \u00e9ducation et l\u2019av\u00e8nement d\u2019une \u00e9cole R\u00e9publicaine dans le pays, vient de recevoir le premier rapport annuel des mains de Brahim Vall Ould Mohamed Lemine, pr\u00e9sident du Conseil Sup\u00e9rieur de l\u2019Education (parfois appel\u00e9 Haut Conseil de l\u2019Education).<br \/>\nLe pr\u00e9sident du Conseil estime que le premier rapport pr\u00e9sent\u00e9 au pr\u00e9sident quasiment \u00e0 la fin de son premier mandat permettrait \u00ab de faire le point sur la r\u00e9alit\u00e9 du syst\u00e8me \u00e9ducatif, en g\u00e9n\u00e9ral, d\u2019en suivre les r\u00e9ussites et les \u00e9checs, proposant des recommandations susceptibles d\u2019acc\u00e9l\u00e9rer le rythme de mise en \u0153uvre de la r\u00e9forme \u00bb. Pour le pr\u00e9sident de la R\u00e9publique, en tout cas, l\u2019horizon est clair : \u00ab la r\u00e9forme de l\u2019\u00e9ducation est un choix strat\u00e9gique pour faire progresser notre syst\u00e8me \u00e9ducatif et former des g\u00e9n\u00e9rations capables de relever les d\u00e9fis du d\u00e9veloppement \u00bb.<br \/>\nMais \u00e0 l\u2019\u00e9vidence, il est bien clair que sans une vulgarisation du contenu du rapport, on continuera de naviguer \u00e0 vue d\u2019autant qu\u2019en d\u00e9pit de \u00ab l\u2019approche holistique \u00bb suivie dans l\u2019\u00e9laboration du rapport, il reste de zones d\u2019ombre que les citoyens doivent connaitre apr\u00e8s la primeur accord\u00e9e au Chef de l\u2019Etat. Une \u00e9tape qui coincide, peut-\u00eatre, avec \u00ab un ensemble de recommandations g\u00e9n\u00e9rales et une matrice de recommandations sp\u00e9cifiques pour toutes les composantes du syst\u00e8me, constituant une feuille de route pour le suivi avant la pr\u00e9paration du rapport de l\u2019ann\u00e9e prochaine \u00bb estime le CSE.<br \/>\nQuelles sont les conclusions auxquelles seraient parvenues le CSE pour la r\u00e9forme que tous les concern\u00e9s, et en premier lieu l\u2019Etat lui-m\u00eame, appellent de leur v\u0153u. Quelles places les secteurs public et priv\u00e9 prennent-ils dans les suggestions de l\u2019expertise du CSE pour les curricula dans la formation et la recherche scientifique ?<br \/>\nAlors \u00e0 quand la diss\u00e9mination des recommandations du CSE ? Wait and see !<br \/>\nJD<\/p>\n","protected":false},"excerpt":{"rendered":"<p>Le pr\u00e9sident de la R\u00e9publique, Mohamed Ould Ghazouani, qui avait enfourch\u00e9 la r\u00e9forme du syst\u00e8me \u00e9ducation et l\u2019av\u00e8nement d\u2019une \u00e9cole R\u00e9publicaine dans le pays, vient de recevoir le premier rapport annuel des mains de Brahim Vall Ould Mohamed Lemine, pr\u00e9sident du Conseil Sup\u00e9rieur de l\u2019Education (parfois appel\u00e9 Haut Conseil de l\u2019Education). Le pr\u00e9sident du Conseil &hellip;<\/p>\n","protected":false},"author":2,"featured_media":8332,"comment_status":"open","ping_status":"open","sticky":false,"template":"","format":"standard","meta":{"footnotes":""},"categories":[18],"tags":[],"class_list":["post-8331","post","type-post","status-publish","format-standard","has-post-thumbnail","hentry","category-actualites"],"_links":{"self":[{"href":"https:\/\/ladepeche.mr\/index.php?rest_route=\/wp\/v2\/posts\/8331","targetHints":{"allow":["GET"]}}],"collection":[{"href":"https:\/\/ladepeche.mr\/index.php?rest_route=\/wp\/v2\/posts"}],"about":[{"href":"https:\/\/ladepeche.mr\/index.php?rest_route=\/wp\/v2\/types\/post"}],"author":[{"embeddable":true,"href":"https:\/\/ladepeche.mr\/index.php?rest_route=\/wp\/v2\/users\/2"}],"replies":[{"embeddable":true,"href":"https:\/\/ladepeche.mr\/index.php?rest_route=%2Fwp%2Fv2%2Fcomments&post=8331"}],"version-history":[{"count":1,"href":"https:\/\/ladepeche.mr\/index.php?rest_route=\/wp\/v2\/posts\/8331\/revisions"}],"predecessor-version":[{"id":8333,"href":"https:\/\/ladepeche.mr\/index.php?rest_route=\/wp\/v2\/posts\/8331\/revisions\/8333"}],"wp:featuredmedia":[{"embeddable":true,"href":"https:\/\/ladepeche.mr\/index.php?rest_route=\/wp\/v2\/media\/8332"}],"wp:attachment":[{"href":"https:\/\/ladepeche.mr\/index.php?rest_route=%2Fwp%2Fv2%2Fmedia&parent=8331"}],"wp:term":[{"taxonomy":"category","embeddable":true,"href":"https:\/\/ladepeche.mr\/index.php?rest_route=%2Fwp%2Fv2%2Fcategories&post=8331"},{"taxonomy":"post_tag","embeddable":true,"href":"https:\/\/ladepeche.mr\/index.php?rest_route=%2Fwp%2Fv2%2Ftags&post=8331"}],"curies":[{"name":"wp","href":"https:\/\/api.w.org\/{rel}","templated":true}]}}