{"id":8356,"date":"2024-02-14T21:03:10","date_gmt":"2024-02-14T21:03:10","guid":{"rendered":"https:\/\/ladepeche.mr\/?p=8356"},"modified":"2024-02-14T21:03:10","modified_gmt":"2024-02-14T21:03:10","slug":"le-hajj-2024-et-loperation-ramadan-2024-au-menu-du-conseil-des-ministres-du-mercredi-14-fevrier-2024","status":"publish","type":"post","link":"https:\/\/ladepeche.mr\/?p=8356","title":{"rendered":"Le Hajj 2024 et l\u2019op\u00e9ration Ramadan 2024 au menu du Conseil des Ministres du mercredi 14 f\u00e9vrier 2024"},"content":{"rendered":"<p>Le Conseil des Ministres s\u2019est r\u00e9uni le mercredi 14 f\u00e9vrier 2024 sous la Pr\u00e9sidence de Son Excellence Monsieur le Pr\u00e9sident de la R\u00e9publique, Mohamed Ould Cheikh El Ghazouani.<\/p>\n<p>Le Conseil a examin\u00e9 et adopt\u00e9 les projets de d\u00e9crets suivants :<\/p>\n<p>\u2010 Projet de d\u00e9cret d\u00e9clarant l\u2019Association Amal pour le Kitab (AMALK) \u00ab Association d\u2019Utilit\u00e9 Publique \u00bb<\/p>\n<p>Ce projet de d\u00e9cret d\u00e9clare l\u2019Association AMAL pour le KITAB (AMALK) comme \u00ab Association d\u2019Utilit\u00e9 publique \u00bb, en application des dispositions de l\u2019article 30 de la loi n\u00b02021-004 du 10 f\u00e9vrier 2021, relative aux associations, aux fondations et r\u00e9seaux.<\/p>\n<p>Cette association dispose des moyens et des structures n\u00e9cessaires pour assurer la poursuite de ses objectifs, ainsi que d\u2019un plan d\u2019action qui comprend un plan scientifique et culturel, dont les principaux objectifs sont la traduction du Saint Coran, la cr\u00e9ation de l\u2019Universit\u00e9 Chinguetti moderne et la pr\u00e9servation de manuscrits rares.<\/p>\n<p>\u2010 Projet de d\u00e9cret portant nomination du Pr\u00e9sident du Conseil d\u2019Administration du Centre National de Transfusion Sanguine.<\/p>\n<p>\u2010 Projet de d\u00e9cret portant nomination des membres du Conseil d\u2019Administration du l\u2019Institut National d\u2019H\u00e9pato\u2013Virologie.<\/p>\n<p>\u2010 Projet de d\u00e9cret portant approbation du statut de la Soci\u00e9t\u00e9 Mauritanienne d\u2019\u00c9lectricit\u00e9 (SOMELEC) Soci\u00e9t\u00e9 M\u00e8re.<\/p>\n<p>\u2010 Projet de d\u00e9cret portant approbation du statut de la Soci\u00e9t\u00e9 de Production et Transports (SPT) Groupe SOMELEC.<\/p>\n<p>\u2010 Projet de d\u00e9cret portant approbation du statut de la Soci\u00e9t\u00e9 de Distribution et Commercialisation (SDC) Groupe SOMELEC.<\/p>\n<p>\u2010 Projet de d\u00e9cret portant approbation du statut de la Soci\u00e9t\u00e9 de l\u2019\u00c9lectrification Rurale (SER) Groupe SOMELEC.<\/p>\n<p>Le projets de statuts de ces soci\u00e9t\u00e9s nationales ont \u00e9t\u00e9 \u00e9labor\u00e9s sur la base du statut-type des \u00e9tablissements publics et des soci\u00e9t\u00e9s \u00e0 capitaux publics objet du d\u00e9cret n\u00b091-072 du 20 avril 1991, portant approbation des statuts types des \u00e9tablissements publics avec prise en compte des dispositions du troisi\u00e8me contrat programme sign\u00e9 entre l\u2019\u00c9tat et la SOMELEC et approuv\u00e9 par voie l\u00e9gislative, dont les dispositions conf\u00e8rent \u00e0 l\u2019organe directeur de la SOMELEC, devenue soci\u00e9t\u00e9 Holding, le pouvoir de nomination des directeurs comptables et financiers charg\u00e9s de la tenue de leur comptabilit\u00e9.<\/p>\n<p>Le Ministre de l\u2019Int\u00e9rieur et de la D\u00e9centralisation a pr\u00e9sent\u00e9 une communication relative \u00e0 la situation int\u00e9rieure.<\/p>\n<p>Le Ministre des Affaires Islamiques et de l\u2019Enseignement Originel a pr\u00e9sent\u00e9 une communication relative \u00e0 l\u2019organisation du Hajj pour l\u2019ann\u00e9e 1445 H\/2024.<\/p>\n<p>Cette communication porte sur la pr\u00e9paration et l\u2019organisation du Hajj pour cette ann\u00e9e 1445 H\/2024 apr\u00e8s JC. Elle pr\u00e9sente les diverses \u00e9tapes de pr\u00e9paration et de mise en \u0153uvre ainsi que les m\u00e9canismes administratifs et financiers de gestion du processus.<\/p>\n<p>Le quota de notre pays pour cette ann\u00e9e est de 3.500 p\u00e8lerins, dont 2.000 b\u00e9n\u00e9ficieront des prestations organis\u00e9es par le Minist\u00e8re et 1.500 seront confi\u00e9s au secteur priv\u00e9, sous la supervision du Minist\u00e8re des Affaires Islamiques et de l\u2019Enseignement Originel.<\/p>\n<p>Toutes les dispositions seront prises pour assurer l\u2019acc\u00e8s aux services de pr\u00e9paration sur tout le territoire national et le bon d\u00e9roulement du p\u00e8lerinage.<\/p>\n<p>Le Ministre du Commerce, de l\u2019Industrie, de l\u2019Artisanat et du Tourisme a pr\u00e9sent\u00e9 une communication relative \u00e0 l\u2019op\u00e9ration Ramadan 2024.<\/p>\n<p>Dans le cadre des orientations de SEM le Pr\u00e9sident de la R\u00e9publique, Mohamed Ould CheiKh El Gazouani, en mati\u00e8re de soutien aux populations, en particulier pendant le mois b\u00e9ni du Ramadan, une op\u00e9ration sp\u00e9ciale, d\u00e9nomm\u00e9e \u00ab Op\u00e9ration Ramadan \u00bb sera mise en \u0153uvre pour assurer la mise \u00e0 la disposition des consommateurs en g\u00e9n\u00e9ral et aux je\u00fbneurs en particulier les denr\u00e9es alimentaires de base \u00e0 des prix accessibles tout au long du mois b\u00e9ni. Elle sera accompagn\u00e9e d\u2019une dimension spirituelle pour vulgariser les pr\u00e9ceptes de notre sainte charia. Cette op\u00e9ration consistera \u00e0 :<\/p>\n<p>\u2013 S\u00e9curiser l\u2019approvisionnement des march\u00e9s en denr\u00e9es de premi\u00e8re n\u00e9cessit\u00e9 et garantir la stabilit\u00e9 des prix en luttant contre la sp\u00e9culation et toutes les mauvaises pratiques commerciales ;<\/p>\n<p>\u2013 Subventionner les prix des denr\u00e9es de base au profit des franges les plus vuln\u00e9rables ;<\/p>\n<p>\u2013 Distribuer gratuitement et effectuer des ventes subventionn\u00e9es de poisson ;<\/p>\n<p>\u2013 Assurer des distributions gratuites de vivres au profit des couches les plus vuln\u00e9rables ;<\/p>\n<p>\u2013 Lancer l\u2019op\u00e9ration iftar Saim au profit des mosqu\u00e9es et Mahadras ;<\/p>\n<p>\u2013 Ouvrir des points de vente des viandes rouges \u00e0 Nouakchott et \u00e0 Nouadhibou.<\/p>\n<p>Le Minist\u00e8re d\u00e9l\u00e9gu\u00e9 aupr\u00e8s du Ministre des Affaires \u00c9trang\u00e8res, de la Coop\u00e9ration et des Mauritaniens de l\u2019Ext\u00e9rieur charg\u00e9 des Mauritaniens de l\u2019Ext\u00e9rieur a pr\u00e9sent\u00e9 une communication relative \u00e0 la situation internationale.<\/p>\n<p>Enfin, le Conseil a pris les mesures individuelles suivantes :<\/p>\n<p>Minist\u00e8re de la Justice<\/p>\n<p>Secr\u00e9tariat G\u00e9n\u00e9ral<\/p>\n<p>\u2013 Secr\u00e9taire G\u00e9n\u00e9ral : Mohamed Ahmed Aida, pr\u00e9c\u00e9demment au m\u00eame poste<\/p>\n<p>Cabinet du Ministre<\/p>\n<p>Charg\u00e9s de Mission<\/p>\n<p>\u2013 Magistrat Cheikh Baba Ahmed, pr\u00e9c\u00e9demment au m\u00eame poste<\/p>\n<p>\u2013 Magistrat Mohamed El Moctar Cheikh, pr\u00e9c\u00e9demment substitut Procureur G\u00e9n\u00e9ral aupr\u00e8s de la Cour Supr\u00eame.<\/p>\n<p>\u2013 Magistrat Mohamedna Cheikh, pr\u00e9c\u00e9demment d\u00e9tach\u00e9 \u00e0 la Banque Centrale de Mauritanie<\/p>\n<p>\u2013 Magistrat Mohamed Aboubekrine, M\u2019Bareck, pr\u00e9c\u00e9demment au m\u00eame poste<\/p>\n<p>\u2013 Docteur Idriss Wagu\u00e9, pr\u00e9c\u00e9demment Conseiller Technique du Ministre.<\/p>\n<p>\u2013 Ma\u00eetre Elheiba Koutoube, Greffier en Chef, pr\u00e9c\u00e9demment Conseiller Technique du Ministre.<\/p>\n<p>\u2013 Thiam Semba Malal, Conseiller en Ressources Humaines, pr\u00e9c\u00e9demment Directeur Adjoint \u00e0 la Direction des Ressources Humaines.<\/p>\n<p>\u2013 Ma\u00eetre Nevisse Cheikh Mohamed El Housseine, Greffier en Chef, pr\u00e9c\u00e9demment Conseill\u00e8re Technique du Ministre.<\/p>\n<p>\u2013 Ma\u00eetre Mohamed Seyid Eguelay, Greffier, pr\u00e9c\u00e9demment au m\u00eame poste<\/p>\n<p>\u2013 Ma\u00eetre Dahmoud Abaty, Agent Public, pr\u00e9c\u00e9demment Conseiller Technique du Ministre.<\/p>\n<p>\u2013 Abdoullahi Boulkheir, titulaire d\u2019une ma\u00eetrise en droit.<\/p>\n<p>Conseillers Techniques<\/p>\n<p>\u2013 Conseiller Charg\u00e9 des Affaires Juridiques : Magistrat Mohameden MOHAMED MONDAH, pr\u00e9c\u00e9demment substitut du Procureur g\u00e9n\u00e9ral aupr\u00e8s de la Cour Supr\u00eame.<\/p>\n<p>\u2013 Conseill\u00e8re Charg\u00e9e de l\u2019Acc\u00e8s \u00e0 la Justice et de la Communication : Mint Ahmeida Mint TEKROUR, Agent public, pr\u00e9c\u00e9demment Conseill\u00e8re Technique du Ministre.<\/p>\n<p>\u2013 Conseiller Charg\u00e9 des Affaires Civiles : Magistrat DIA Abderrahmane, pr\u00e9c\u00e9demment Charg\u00e9 de Mission au Cabinet du Ministre.<\/p>\n<p>\u2013 Conseiller Charg\u00e9 de la Politique P\u00e9nale et de l\u2019Action Publique : Magistrat Ahmed Abdellahi Moustapha, Procureur de la R\u00e9publique aupr\u00e8s de la Cour de la wilaya de Nouakchott Ouest.<\/p>\n<p>\u2013 Conseiller Charg\u00e9 des Droits de l\u2019Homme et de l\u2019Administration P\u00e9nitentiaire et de la R\u00e9insertion : Magistrat Cheikh Aloueimine, pr\u00e9c\u00e9demment Pr\u00e9sident de la Cour P\u00e9nale Est sp\u00e9cialis\u00e9e dans le crime de l\u2019esclavage.<\/p>\n<p>\u2013 Conseiller Charg\u00e9 de la Protection Juridique de l\u2019Enfant et du Genre : Ma\u00eetre Abou Moudi Diallo, pr\u00e9c\u00e9demment Conseiller Technique au Cabinet du Ministre.<\/p>\n<p>\u2013 Conseiller Charg\u00e9 de la Transformation Num\u00e9rique et de la Modernisation : Ahmed Bilal, Ing\u00e9nieur, titulaire d\u2019un Master en Num\u00e9risation.<\/p>\n<p>\u2013 Conseiller Charg\u00e9 de la Coop\u00e9ration, du Suivi et de l\u2019\u00c9valuation : Magistrat Amar Elghassem ABEIDELLA, pr\u00e9c\u00e9demment Conseiller Technique au Cabinet du Ministre.<\/p>\n<p>Inspection G\u00e9n\u00e9rale de l\u2019Administration Judiciaire et P\u00e9nitentiaire<\/p>\n<p>\u2013 Inspecteur G\u00e9n\u00e9ral : Adou Babana, pr\u00e9c\u00e9demment au m\u00eame poste<\/p>\n<p>\u2013 Inspecteur G\u00e9n\u00e9ral Adjoint : Magistrat Ebouh Elbbar M\u2019beirik, pr\u00e9c\u00e9demment au m\u00eame poste.<\/p>\n<p>Inspecteurs :<\/p>\n<p>\u2013 Magistrat Issa Ahmed, pr\u00e9c\u00e9demment au m\u00eame poste<\/p>\n<p>\u2013 Magistrat Yacoub Mohamed Khabouzi, pr\u00e9c\u00e9demment au m\u00eame poste<\/p>\n<p>\u2013 Magistrat Lehbib Mohamed Elmokhtar, pr\u00e9c\u00e9demment au m\u00eame poste<\/p>\n<p>\u2013 Magistrat Mohamed Elbechir Elyezid, pr\u00e9c\u00e9demment au m\u00eame poste<\/p>\n<p>\u2013 Ma\u00eetre Mohamed Moustapha Kharchi, Greffier en Chef, pr\u00e9c\u00e9demment au m\u00eame poste<\/p>\n<p>\u2013 Ma\u00eetre Brahim Regad, Greffier en Chef, pr\u00e9c\u00e9demment au m\u00eame poste<\/p>\n<p>\u2013 Ma\u00eetre Khadi Ciss\u00e9 Fran\u00e7ois, Greffier en Chef, pr\u00e9c\u00e9demment au m\u00eame poste<\/p>\n<p>\u2013 Ma\u00eetre Babahmed Abdellahi, Greffier en Chef, pr\u00e9c\u00e9demment au m\u00eame poste<\/p>\n<p>\u2013 Ma\u00eetre Mohamedna Aly, Greffier, pr\u00e9c\u00e9demment au m\u00eame poste<\/p>\n<p>\u2013 Ma\u00eetre Ahmed Mohamed Lemine, Greffier, pr\u00e9c\u00e9demment au m\u00eame poste<\/p>\n<p>Administration Centrale<\/p>\n<p>Direction G\u00e9n\u00e9rale de l\u2019Administration P\u00e9nitentiaire et de la R\u00e9insertion<\/p>\n<p>\u2013 Directeur G\u00e9n\u00e9ral : Magistrat Moulaye ABDELLAH BABE, pr\u00e9c\u00e9demment au m\u00eame poste.<\/p>\n<p>\u2013 Directeur G\u00e9n\u00e9ral Adjoint : Commandant Ebbah MOHAMED GHALY, pr\u00e9c\u00e9demment au m\u00eame poste.<\/p>\n<p>Direction des Affaires Administratives \u00e0 la Direction G\u00e9n\u00e9rale de l\u2019Administration P\u00e9nitentiaire et de la R\u00e9insertion<\/p>\n<p>\u2013 Directeur : Cheikh Abdat SALEH, Greffier en Chef, pr\u00e9c\u00e9demment au m\u00eame poste.<\/p>\n<p>Direction de la S\u00e9curit\u00e9 des Etablissements P\u00e9nitentiaires \u00e0 la Direction G\u00e9n\u00e9rale de l\u2019Administration P\u00e9nitentiaire et de la R\u00e9insertion<\/p>\n<p>\u2013 Directeur : Cheikh Ahmed EL GHASSEM ZEINE, pr\u00e9c\u00e9demment au m\u00eame poste.<\/p>\n<p>Direction des R\u00e9insertions \u00e0 la Direction G\u00e9n\u00e9rale de l\u2019Administration P\u00e9nitentiaire et de la R\u00e9insertion<\/p>\n<p>\u2013 Directeur : Mohamed Abdellahi MOHAMED YAHYA, pr\u00e9c\u00e9demment au m\u00eame poste.<\/p>\n<p>Direction des Affaires P\u00e9nales et de Gr\u00e2ces<\/p>\n<p>\u2013 Directeur : Taghiyoullah MOHAMED FADEL, pr\u00e9c\u00e9demment au m\u00eame poste.<\/p>\n<p>\u2013 Directeur Adjoint : Ma\u00eetre Mohamed Datty EBLAL, Greffier, pr\u00e9c\u00e9demment au m\u00eame poste.<\/p>\n<p>Direction des Affaires Civiles et du Sceau<\/p>\n<p>\u2013 Directeur : Magistrat Ahmed Abdellahi AHMED MISKA, pr\u00e9c\u00e9demment au m\u00eame poste.<\/p>\n<p>\u2013 Directeur Adjoint : Ma\u00eetre Ngaid\u00e9 Abdoulaye, Greffier en Chef, pr\u00e9c\u00e9demment au m\u00eame poste.<\/p>\n<p>Direction de la Protection Judiciaire de l\u2019Enfant<\/p>\n<p>\u2013 Directeur : Mohamed Sid\u2019Ahmed EL GHARAWI, Agent Public, pr\u00e9c\u00e9demment au m\u00eame poste.<\/p>\n<p>\u2013 Directeur Adjoint : Ma\u00eetre Yarg SIDI EBBE, Greffier en Chef, pr\u00e9c\u00e9demment au m\u00eame poste.<\/p>\n<p>Direction des \u00c9tudes et de la L\u00e9gislation<\/p>\n<p>\u2013 Directeur : Magistrat Haroun Oumar IDEIGHBI, pr\u00e9c\u00e9demment Directeur des \u00c9tudes, de la L\u00e9gislation et de la Coop\u00e9ration.<\/p>\n<p>\u2013 Directeur Adjoint : Ma\u00eetre Ahmed ADJEH, Greffier en Chef, pr\u00e9c\u00e9demment Directeur adjoint des \u00c9tudes, de la L\u00e9gislation et de la Coop\u00e9ration.<\/p>\n<p>Direction des Ressources Humaines<\/p>\n<p>\u2013 Directeur : Magistrat Laabad EL GHASSEM ZEINE EL GHASSEM, pr\u00e9c\u00e9demment au m\u00eame poste.<\/p>\n<p>\u2013 Directeur Adjoint : Ma\u00eetre Cheikh El Moustaphe EL MOUSTAPHA, Greffier en Chef, pr\u00e9c\u00e9demment Chef de Service.<\/p>\n<p>Direction des Affaires Financi\u00e8res, des Infrastructures et de l\u2019Equipement<\/p>\n<p>\u2013 Directeur : Ma\u00eetre Sidi Mohamed CHEIKH JIDDOU, pr\u00e9c\u00e9demment Directeur des Affaires Financi\u00e8res, des Infrastructures et de l\u2019Equipement<\/p>\n<p>\u2013 Directrice Adjointe : Ma\u00eetre Mariem HAMMADI, Institutrice, pr\u00e9c\u00e9demment Directrice Adjointe des Affaires Financi\u00e8res, des Infrastructures et de l\u2019Equipement<\/p>\n<p>Direction de la Coop\u00e9ration et de l\u2019Entraide Judiciaire<\/p>\n<p>\u2013 Directeur : Magistrat EL HOUSSEINE CHEIKH KABADI, pr\u00e9c\u00e9demment substitut du Procureur G\u00e9n\u00e9ral aupr\u00e8s de la Cour Supr\u00eame.<\/p>\n<p>\u2013 Directeur Adjoint : Ma\u00eetre Mohamed ALY MOHAMEDEN, Greffier en Chef.<\/p>\n<p>Direction de la Num\u00e9risation et de l\u2019Innovation Technologique.<\/p>\n<p>\u2013 Directeur : Ing\u00e9nieur Salahdine EKHYARHOUM, Ing\u00e9nieur, titulaire d\u2019un Master en Nouvelles Technologies.<\/p>\n<p>\u2013 Directeur Adjoint : Ma\u00eetre Mohamed Abdellahi SOUEIDATT, titulaire d\u2019un Master en Sciences Pratiques et Techniques. Minist\u00e8re de la Sant\u00e9<\/p>\n<p>\u00c9tablissements Publics<\/p>\n<p>Caisse Nationale d\u2019Assurance Maladie<\/p>\n<p>\u2013 Directeur G\u00e9n\u00e9ral : Mohamed Mahmoud JAAVAR, en remplacement de Abdallah OULD SOULEYMANE OULD CHEIKH SIDIYA, admis \u00e0 faire valoir ses droits \u00e0 la retraite.<\/p>\n<p>Minist\u00e8re de l\u2019Agriculture<\/p>\n<p>Cabinet du Ministre<\/p>\n<p>Charg\u00e9s de Mission<\/p>\n<p>\u2013 Mohamed Ould ABDELLAHI, Ing\u00e9nieur Agronome, pr\u00e9c\u00e9demment Directeur de l\u2019Am\u00e9nagement Rural<\/p>\n<p>\u2013 Aboubecrine Mohamed BEIDIH, Ing\u00e9nieur en G\u00e9nie Rural, pr\u00e9c\u00e9demment D\u00e9l\u00e9gu\u00e9 R\u00e9gional du Hodh Echargui<\/p>\n<p>Administration Centrale<\/p>\n<p>Direction du D\u00e9veloppement des Fili\u00e8res Agricoles<\/p>\n<p>\u2013 Directeur Adjoint : Sidi Ould MOHAMED ABDEL HAYE, Ing\u00e9nieur Agronome, pr\u00e9c\u00e9demment Directeur Adjoint de l\u2019Ecole Nationale de Formation et de Vulgarisation Agricole \u00e0 Ka\u00e9di, en remplacement de Mohamed Sidi Bolle appel\u00e9 \u00e0 d\u2019autres fonctions.<\/p>\n<p>Direction de la Protection des V\u00e9g\u00e9taux<\/p>\n<p>\u2013 Directeur Adjoint : Mohamed SIDNA ALY SAGHIRI, Ing\u00e9nieur Agronome, pr\u00e9c\u00e9demment Chef de service \u00e0 la m\u00eame Direction, en remplacement de Noureddine ABDEL VETTAH appel\u00e9 \u00e0 d\u2019autres fonctions.<\/p>\n<p>Direction de l\u2019Am\u00e9nagement Rural<\/p>\n<p>\u2013 Directeur : Nasser Eddine JAOUDA, Ing\u00e9nieur en G\u00e9nie Civil, pr\u00e9c\u00e9demment Chef de service \u00e0 la m\u00eame Direction, en remplacement de Mohamed OULD ABDELLAHI appel\u00e9 \u00e0 d\u2019autres fonctions.<\/p>\n<p>\u2013 Directeur Adjoint : Abdellahi OULD BOWBA, Ing\u00e9nieur en G\u00e9nie Rural, pr\u00e9c\u00e9demment Chef de Service \u00e0 la m\u00eame Direction, en remplacement de Wade Mamadou appel\u00e9 \u00e0 d\u2019autres fonctions.<\/p>\n<p>\u00c9tablissements Publics<\/p>\n<p>\u00c9cole Nationale de Formation et de Vulgarisation Agricole<\/p>\n<p>\u2013 Directeur Adjoint : Al Hadj Doro SOW, titulaire d\u2019un Master2 en d\u00e9veloppement rural et coop\u00e9ration, pr\u00e9c\u00e9demment Directeur des \u00e9tudes \u00e0 la m\u00eame \u00c9cole, en remplacement de Sidi OULD MOHAMED ABDEL HAYE appel\u00e9 \u00e0 d\u2019autres fonctions.<\/p>\n<p>Minist\u00e8re de l\u2019Enseignement Sup\u00e9rieur et de la Recherche Scientifique<\/p>\n<p>Cabinet du Minist\u00e8re<\/p>\n<p>\u2013 Charg\u00e9 de Mission : Mohamed Ahmed EL MOUNA, pr\u00e9c\u00e9demment Directeur de l\u2019Agence Nationale de Recherche Scientifique et de l\u2019Innovation.<\/p>\n<p>\u00c9tablissements Publics<\/p>\n<p>Agence Nationale de Recherche Scientifique et de l\u2019Innovation (ANRSI)<\/p>\n<p>\u2013 Directeur G\u00e9n\u00e9ral : Taleb Khyar Djeh CHEIKH MALAININE, pr\u00e9c\u00e9demment Directeur de l\u2019Institut Sup\u00e9rieur de l\u2019Enseignement Technologique (ISET)<\/p>\n<p>\u2013 Directrice G\u00e9n\u00e9rale Adjointe : Oumoulmnine SIDI MOHAMED MOULOUD.<\/p>\n<p>Institut Sup\u00e9rieur de l\u2019Enseignement Technologique (ISET)<\/p>\n<p>\u2013 Directeur : Mohameden MAMADI, pr\u00e9c\u00e9demment Enseignant \u00e0 l\u2019Institut Sup\u00e9rieur de l\u2019Enseignement Technologique (ISET)<\/p>\n<p>Centre National des \u0152uvres Universitaire (CNOU)<\/p>\n<p>\u2013 Directeur Adjoint : Moussa AHMED, pr\u00e9c\u00e9demment Chef de Service \u00e0 la Direction des Ressources Financi\u00e8res et des Patrimoines.<br \/>\nAmi<\/p>\n","protected":false},"excerpt":{"rendered":"<p>Le Conseil des Ministres s\u2019est r\u00e9uni le mercredi 14 f\u00e9vrier 2024 sous la Pr\u00e9sidence de Son Excellence Monsieur le Pr\u00e9sident de la R\u00e9publique, Mohamed Ould Cheikh El Ghazouani. Le Conseil a examin\u00e9 et adopt\u00e9 les projets de d\u00e9crets suivants : \u2010 Projet de d\u00e9cret d\u00e9clarant l\u2019Association Amal pour le Kitab (AMALK) \u00ab Association d\u2019Utilit\u00e9 Publique &hellip;<\/p>\n","protected":false},"author":2,"featured_media":0,"comment_status":"open","ping_status":"open","sticky":false,"template":"","format":"standard","meta":{"footnotes":""},"categories":[18],"tags":[],"class_list":["post-8356","post","type-post","status-publish","format-standard","hentry","category-actualites"],"_links":{"self":[{"href":"https:\/\/ladepeche.mr\/index.php?rest_route=\/wp\/v2\/posts\/8356","targetHints":{"allow":["GET"]}}],"collection":[{"href":"https:\/\/ladepeche.mr\/index.php?rest_route=\/wp\/v2\/posts"}],"about":[{"href":"https:\/\/ladepeche.mr\/index.php?rest_route=\/wp\/v2\/types\/post"}],"author":[{"embeddable":true,"href":"https:\/\/ladepeche.mr\/index.php?rest_route=\/wp\/v2\/users\/2"}],"replies":[{"embeddable":true,"href":"https:\/\/ladepeche.mr\/index.php?rest_route=%2Fwp%2Fv2%2Fcomments&post=8356"}],"version-history":[{"count":1,"href":"https:\/\/ladepeche.mr\/index.php?rest_route=\/wp\/v2\/posts\/8356\/revisions"}],"predecessor-version":[{"id":8357,"href":"https:\/\/ladepeche.mr\/index.php?rest_route=\/wp\/v2\/posts\/8356\/revisions\/8357"}],"wp:attachment":[{"href":"https:\/\/ladepeche.mr\/index.php?rest_route=%2Fwp%2Fv2%2Fmedia&parent=8356"}],"wp:term":[{"taxonomy":"category","embeddable":true,"href":"https:\/\/ladepeche.mr\/index.php?rest_route=%2Fwp%2Fv2%2Fcategories&post=8356"},{"taxonomy":"post_tag","embeddable":true,"href":"https:\/\/ladepeche.mr\/index.php?rest_route=%2Fwp%2Fv2%2Ftags&post=8356"}],"curies":[{"name":"wp","href":"https:\/\/api.w.org\/{rel}","templated":true}]}}