{"id":8358,"date":"2024-02-14T21:19:52","date_gmt":"2024-02-14T21:19:52","guid":{"rendered":"https:\/\/ladepeche.mr\/?p=8358"},"modified":"2024-02-14T21:19:52","modified_gmt":"2024-02-14T21:19:52","slug":"un-vehicule-avec-a-bord-des-blesses-touaregs-intercepte-a-la-frontiere-est-de-la-mauritanie","status":"publish","type":"post","link":"https:\/\/ladepeche.mr\/?p=8358","title":{"rendered":"Un v\u00e9hicule avec \u00e0 bord des bless\u00e9s touaregs intercept\u00e9 \u00e0 la Fronti\u00e8re Est de la Mauritanie"},"content":{"rendered":"<p>Selon des sources concordantes, un v\u00e9hicule tout-terrain transportant des hommes arm\u00e9s a \u00e9t\u00e9 intercept\u00e9 par les autorit\u00e9s mauritaniennes, pr\u00e8s de NBeikitt Lahwach, dans le Hodh Oriental.<br \/>\nLes t\u00e9moignages attestent que les hommes arm\u00e9s et parmi lesquels des bless\u00e9s auraient remis aux autorit\u00e9s mauritaniennes leurs armes avant d\u2019\u00eatre emmen\u00e9s dans un commissariat de Police d\u2019o\u00f9 ils auraient \u00e9t\u00e9 transport\u00e9s par l\u2019arm\u00e9e mauritanienne vers un endroit encore inconnu.<br \/>\nLes hommes se seraient vraisemblablement oppos\u00e9s \u00e0 d\u2019autres forces militaires probablement maliennes, croit-on savoir. Les m\u00eames sources \u00e9voquent la localit\u00e9 de Jdeir, \u00e0 la lisi\u00e8re de la fronti\u00e8re mauritano-malienne, o\u00f9 les bellig\u00e9rants se seraient affront\u00e9s.<\/p>\n","protected":false},"excerpt":{"rendered":"<p>Selon des sources concordantes, un v\u00e9hicule tout-terrain transportant des hommes arm\u00e9s a \u00e9t\u00e9 intercept\u00e9 par les autorit\u00e9s mauritaniennes, pr\u00e8s de NBeikitt Lahwach, dans le Hodh Oriental. Les t\u00e9moignages attestent que les hommes arm\u00e9s et parmi lesquels des bless\u00e9s auraient remis aux autorit\u00e9s mauritaniennes leurs armes avant d\u2019\u00eatre emmen\u00e9s dans un commissariat de Police d\u2019o\u00f9 ils &hellip;<\/p>\n","protected":false},"author":2,"featured_media":0,"comment_status":"open","ping_status":"open","sticky":false,"template":"","format":"standard","meta":{"footnotes":""},"categories":[18,29],"tags":[],"class_list":["post-8358","post","type-post","status-publish","format-standard","hentry","category-actualites","category-monde"],"_links":{"self":[{"href":"https:\/\/ladepeche.mr\/index.php?rest_route=\/wp\/v2\/posts\/8358","targetHints":{"allow":["GET"]}}],"collection":[{"href":"https:\/\/ladepeche.mr\/index.php?rest_route=\/wp\/v2\/posts"}],"about":[{"href":"https:\/\/ladepeche.mr\/index.php?rest_route=\/wp\/v2\/types\/post"}],"author":[{"embeddable":true,"href":"https:\/\/ladepeche.mr\/index.php?rest_route=\/wp\/v2\/users\/2"}],"replies":[{"embeddable":true,"href":"https:\/\/ladepeche.mr\/index.php?rest_route=%2Fwp%2Fv2%2Fcomments&post=8358"}],"version-history":[{"count":1,"href":"https:\/\/ladepeche.mr\/index.php?rest_route=\/wp\/v2\/posts\/8358\/revisions"}],"predecessor-version":[{"id":8359,"href":"https:\/\/ladepeche.mr\/index.php?rest_route=\/wp\/v2\/posts\/8358\/revisions\/8359"}],"wp:attachment":[{"href":"https:\/\/ladepeche.mr\/index.php?rest_route=%2Fwp%2Fv2%2Fmedia&parent=8358"}],"wp:term":[{"taxonomy":"category","embeddable":true,"href":"https:\/\/ladepeche.mr\/index.php?rest_route=%2Fwp%2Fv2%2Fcategories&post=8358"},{"taxonomy":"post_tag","embeddable":true,"href":"https:\/\/ladepeche.mr\/index.php?rest_route=%2Fwp%2Fv2%2Ftags&post=8358"}],"curies":[{"name":"wp","href":"https:\/\/api.w.org\/{rel}","templated":true}]}}