{"id":8363,"date":"2024-02-14T23:14:41","date_gmt":"2024-02-14T23:14:41","guid":{"rendered":"https:\/\/ladepeche.mr\/?p=8363"},"modified":"2024-02-14T23:16:28","modified_gmt":"2024-02-14T23:16:28","slug":"le-ministre-de-leconomie-rencontre-la-directrice-generale-de-la-mondialisation","status":"publish","type":"post","link":"https:\/\/ladepeche.mr\/?p=8363","title":{"rendered":"RIM-Italie: Le ministre de l&#8217;\u00c9conomie rencontre la directrice g\u00e9n\u00e9rale de la mondialisation&#8230;"},"content":{"rendered":"<p>Son Excellence le ministre de l&#8217;\u00c9conomie et du D\u00e9veloppement Durable, M. Abdessalam Ould Mohamed Saleh, a tenu, ce mercredi matin \u00e0 Rome, une rencontre avec Mme Vincenza Lomonaco, ambassadrice et  Directrice g\u00e9n\u00e9rale de  la Mondialisation et les Questions Globales et la coop\u00e9ration, ainsi que Massimo Riccardo, ministre pl\u00e9nipotentiaire, repr\u00e9sentant sp\u00e9cial du ministre pour le suivi du Piano Mattei, et M. Giuseppe Mistretta, ministre pl\u00e9nipotentiaire et directeur de la r\u00e9gion de l&#8217;Afrique subsaharienne, tout comme Laura Botta, ambassadeur d\u00e9sign\u00e9e en charge de la Mauritanie.<\/p>\n<p>La rencontre qui a eu lieu au si\u00e8ge du minist\u00e8re italien des Affaires \u00e9trang\u00e8res, a permis de passer en revue les diff\u00e9rents aspects de la coop\u00e9ration existante entre les deux pays et les moyens de la  renforcer, en particulier dans le domaine \u00e9conomique, et a soulign\u00e9 la n\u00e9cessit\u00e9 de mobiliser des financements et d&#8217;attirer des investissements vers la Mauritanie, qui regorge d&#8217;opportunit\u00e9s, \u00e0 travers le secteur priv\u00e9 italien.<\/p>\n<p>Les deux parties ont \u00e9galement abord\u00e9 le r\u00f4le central de notre pays dans le partenariat strat\u00e9gique avec l&#8217;Union europ\u00e9enne \u00e0 la lumi\u00e8re de la r\u00e9cente visite de la pr\u00e9sidente de  la commission decl&#8217;Union europ\u00e9enne en Mauritanie. Pour sa part, la partie italienne a salu\u00e9 le r\u00f4le de la Mauritanie dans la r\u00e9gion.<\/p>\n<p>Cette rencontre s&#8217;est tenue en marge de la participation de Son Excellence le ministre aux r\u00e9unions de la 47 \u00e8me session du Conseil des gouverneurs du Fonds International de D\u00e9veloppement Agricole (FIDA), dont l&#8217;ouverture a \u00e9t\u00e9 lanc\u00e9e ce mercredi.<\/p>\n<p>Ont \u00e9galement pris part \u00e0 la rencontre l&#8217;ambassadeur de notre pays \u00e0 Rome, M. Mohamed Mahmoud Ould Dahi, le pr\u00e9sident du conseil d&#8217;administration de l&#8217;Agence de promotion des investissements en Mauritanie, M. Moussa Fall, ainsi que le directeur g\u00e9n\u00e9ral des Financements et de la Coop\u00e9ration \u00e9conomique, M. Mohamed Salem Ould Nani.<\/p>\n","protected":false},"excerpt":{"rendered":"<p>Son Excellence le ministre de l&#8217;\u00c9conomie et du D\u00e9veloppement Durable, M. Abdessalam Ould Mohamed Saleh, a tenu, ce mercredi matin \u00e0 Rome, une rencontre avec Mme Vincenza Lomonaco, ambassadrice et Directrice g\u00e9n\u00e9rale de la Mondialisation et les Questions Globales et la coop\u00e9ration, ainsi que Massimo Riccardo, ministre pl\u00e9nipotentiaire, repr\u00e9sentant sp\u00e9cial du ministre pour le suivi &hellip;<\/p>\n","protected":false},"author":2,"featured_media":0,"comment_status":"open","ping_status":"open","sticky":false,"template":"","format":"standard","meta":{"footnotes":""},"categories":[18,2],"tags":[],"class_list":["post-8363","post","type-post","status-publish","format-standard","hentry","category-actualites","category-economie"],"_links":{"self":[{"href":"https:\/\/ladepeche.mr\/index.php?rest_route=\/wp\/v2\/posts\/8363","targetHints":{"allow":["GET"]}}],"collection":[{"href":"https:\/\/ladepeche.mr\/index.php?rest_route=\/wp\/v2\/posts"}],"about":[{"href":"https:\/\/ladepeche.mr\/index.php?rest_route=\/wp\/v2\/types\/post"}],"author":[{"embeddable":true,"href":"https:\/\/ladepeche.mr\/index.php?rest_route=\/wp\/v2\/users\/2"}],"replies":[{"embeddable":true,"href":"https:\/\/ladepeche.mr\/index.php?rest_route=%2Fwp%2Fv2%2Fcomments&post=8363"}],"version-history":[{"count":2,"href":"https:\/\/ladepeche.mr\/index.php?rest_route=\/wp\/v2\/posts\/8363\/revisions"}],"predecessor-version":[{"id":8365,"href":"https:\/\/ladepeche.mr\/index.php?rest_route=\/wp\/v2\/posts\/8363\/revisions\/8365"}],"wp:attachment":[{"href":"https:\/\/ladepeche.mr\/index.php?rest_route=%2Fwp%2Fv2%2Fmedia&parent=8363"}],"wp:term":[{"taxonomy":"category","embeddable":true,"href":"https:\/\/ladepeche.mr\/index.php?rest_route=%2Fwp%2Fv2%2Fcategories&post=8363"},{"taxonomy":"post_tag","embeddable":true,"href":"https:\/\/ladepeche.mr\/index.php?rest_route=%2Fwp%2Fv2%2Ftags&post=8363"}],"curies":[{"name":"wp","href":"https:\/\/api.w.org\/{rel}","templated":true}]}}