{"id":8376,"date":"2024-02-15T14:14:58","date_gmt":"2024-02-15T14:14:58","guid":{"rendered":"https:\/\/ladepeche.mr\/?p=8376"},"modified":"2024-02-15T14:14:58","modified_gmt":"2024-02-15T14:14:58","slug":"bassiknou-les-feux-de-brousse-reduits-a-60-par-rapport-a-lannee-derniere","status":"publish","type":"post","link":"https:\/\/ladepeche.mr\/?p=8376","title":{"rendered":"Bassiknou : Les feux de brousse r\u00e9duits \u00e0 60% par rapport \u00e0 l\u2019ann\u00e9e derni\u00e8re"},"content":{"rendered":"<p>Selon l&#8217;inspection locale du minist\u00e8re de l&#8217;Environnement \u00e0 Bassiknou, dans la wilaya du Hodh Charghi, les feux de brousse ont \u00e9t\u00e9 consid\u00e9rablement r\u00e9duits par rapport aux ann\u00e9es pr\u00e9c\u00e9dentes gr\u00e2ce aux efforts acharn\u00e9s d\u00e9ploy\u00e9s par les autorit\u00e9s publiques.<br \/>\nSelon l\u2019inspecteur cit\u00e9 par nos confr\u00e8res de l\u2019AMI, les feux de brousse ont connu un recul important au cours de la saison 2022-2023. Seuls 14 incendies auraient \u00e9t\u00e9 enregistr\u00e9s dans cette moughatta contre 46 incendies au cours de la m\u00eame p\u00e9riode lors de la saison 2022-2023. Il s\u2019agit ainsi d\u2019une diminution d&#8217;environ 60 pour cent par rapport \u00e0 l\u2019ann\u00e9e pr\u00e9c\u00e9dente.<br \/>\nCe recul des incendies est attribu\u00e9 par l\u2019inspecteur \u00e0 la synergie des effort de tous mais aussi gr\u00e2ce \u00e0 des mesures salvatrices comme la mise en place de coupe-feu, la sensibilisation, la mobilisation continue et la mise en place de comit\u00e9s villageois, dont la plupart seraient dot\u00e9s en moyens logistiques cons\u00e9quents pour parer \u00e0 de tels sinistres.<br \/>\nSelon une analyse de la situation des feux de brousse en Mauritanie (2010-2020), pr\u00e8s de 757 feux de brousse auraient endommag\u00e9<br \/>\n1 210 659 ha de p\u00e2turages soit une moyenne de 50.000 ha \u00e0 200.000 ha par an.<\/p>\n","protected":false},"excerpt":{"rendered":"<p>Selon l&#8217;inspection locale du minist\u00e8re de l&#8217;Environnement \u00e0 Bassiknou, dans la wilaya du Hodh Charghi, les feux de brousse ont \u00e9t\u00e9 consid\u00e9rablement r\u00e9duits par rapport aux ann\u00e9es pr\u00e9c\u00e9dentes gr\u00e2ce aux efforts acharn\u00e9s d\u00e9ploy\u00e9s par les autorit\u00e9s publiques. Selon l\u2019inspecteur cit\u00e9 par nos confr\u00e8res de l\u2019AMI, les feux de brousse ont connu un recul important au &hellip;<\/p>\n","protected":false},"author":2,"featured_media":8377,"comment_status":"open","ping_status":"open","sticky":false,"template":"","format":"standard","meta":{"footnotes":""},"categories":[18,2],"tags":[],"class_list":["post-8376","post","type-post","status-publish","format-standard","has-post-thumbnail","hentry","category-actualites","category-economie"],"_links":{"self":[{"href":"https:\/\/ladepeche.mr\/index.php?rest_route=\/wp\/v2\/posts\/8376","targetHints":{"allow":["GET"]}}],"collection":[{"href":"https:\/\/ladepeche.mr\/index.php?rest_route=\/wp\/v2\/posts"}],"about":[{"href":"https:\/\/ladepeche.mr\/index.php?rest_route=\/wp\/v2\/types\/post"}],"author":[{"embeddable":true,"href":"https:\/\/ladepeche.mr\/index.php?rest_route=\/wp\/v2\/users\/2"}],"replies":[{"embeddable":true,"href":"https:\/\/ladepeche.mr\/index.php?rest_route=%2Fwp%2Fv2%2Fcomments&post=8376"}],"version-history":[{"count":1,"href":"https:\/\/ladepeche.mr\/index.php?rest_route=\/wp\/v2\/posts\/8376\/revisions"}],"predecessor-version":[{"id":8378,"href":"https:\/\/ladepeche.mr\/index.php?rest_route=\/wp\/v2\/posts\/8376\/revisions\/8378"}],"wp:featuredmedia":[{"embeddable":true,"href":"https:\/\/ladepeche.mr\/index.php?rest_route=\/wp\/v2\/media\/8377"}],"wp:attachment":[{"href":"https:\/\/ladepeche.mr\/index.php?rest_route=%2Fwp%2Fv2%2Fmedia&parent=8376"}],"wp:term":[{"taxonomy":"category","embeddable":true,"href":"https:\/\/ladepeche.mr\/index.php?rest_route=%2Fwp%2Fv2%2Fcategories&post=8376"},{"taxonomy":"post_tag","embeddable":true,"href":"https:\/\/ladepeche.mr\/index.php?rest_route=%2Fwp%2Fv2%2Ftags&post=8376"}],"curies":[{"name":"wp","href":"https:\/\/api.w.org\/{rel}","templated":true}]}}