{"id":8390,"date":"2024-02-15T18:07:19","date_gmt":"2024-02-15T18:07:19","guid":{"rendered":"https:\/\/ladepeche.mr\/?p=8390"},"modified":"2024-02-15T18:10:45","modified_gmt":"2024-02-15T18:10:45","slug":"8390","status":"publish","type":"post","link":"https:\/\/ladepeche.mr\/?p=8390","title":{"rendered":"Le ministre de l\u2019\u00e9conomie passe en revue avec le Pr\u00e9sident du Fida le portefeuille de projets financ\u00e9s par son institution dans notre pays"},"content":{"rendered":"<p>Le ministre de l\u2019\u00e9conomie et du d\u00e9veloppement \u00e0 pass\u00e9 en revue, jeudi, avec le Pr\u00e9sident du Fida le portefeuille de projets financ\u00e9s par son institution dans notre pays<br \/>\nLa rencontre du ministre de l&#8217;Economie et du D\u00e9veloppement Durable, Abdessalam Ould Mohamed Saleh, avec le Pr\u00e9sident du Fonds International de D\u00e9veloppement Agricole (FIDA), Alvaro Lario, a eu lieu en marge des r\u00e9unions annuelles des Gouverneurs du FIDA qui se tiennent \u00e0 Rome.<\/p>\n<p>Les discussions entre peux hommes ont port\u00e9 sur les diff\u00e9rents aspects de la coop\u00e9ration entre la Mauritanie et le FIDA, y compris le portefeuille de projets financ\u00e9s par le celui-ci dans notre pays et les moyens de le d\u00e9velopper et de le renforcer, indique le minist\u00e8re dans un compte-rendu.<\/p>\n<p>Les \u00e9changes ont \u00e9galement permis d&#8217;approfondir les r\u00e9flexions sur le r\u00f4le que le FIDA peut jouer pour garantir la s\u00e9curit\u00e9 alimentaire de notre pays, pr\u00e9cise-t-on par ailleurs.<br \/>\nLa 47\u00e8me session du Conseil des Gouverneurs est consacr\u00e9e cette ann\u00e9e \u00e0 &#8220;L&#8217;innovation au service de la s\u00e9curit\u00e9 alimentaire de demain&#8221;, alors que chaque jour les populations du monde, en particulier les populations rurales, sont aux prises avec les changement climatique, les conflits, de la pauvret\u00e9 entre d&#8217;autres difficult\u00e9s.<\/p>\n<p>Dans un monde de plus en plus complexe, il est n\u00e9cessaire de trouver de nouvelles approches pour rendre le d\u00e9veloppement rural plus durable, plus r\u00e9silient, plus juste et plus inclusif.<\/p>\n<p>Ont pris part \u00e0 la rencontre  l&#8217;Ambassadeur de la Mauritanie \u00e0 Rome, SEM. Mohamed Mahmoud Ould Dahi, le Pr\u00e9sident du Conseil d&#8217;administration de l&#8217;Agence de Promotion des Investissements en Mauritanie (APIM), Moussa Fall, et le Directeur g\u00e9n\u00e9ral des Financements et de la Coop\u00e9ration Economique, Mohamed Salem Ould Nani.<\/p>\n","protected":false},"excerpt":{"rendered":"<p>Le ministre de l\u2019\u00e9conomie et du d\u00e9veloppement \u00e0 pass\u00e9 en revue, jeudi, avec le Pr\u00e9sident du Fida le portefeuille de projets financ\u00e9s par son institution dans notre pays La rencontre du ministre de l&#8217;Economie et du D\u00e9veloppement Durable, Abdessalam Ould Mohamed Saleh, avec le Pr\u00e9sident du Fonds International de D\u00e9veloppement Agricole (FIDA), Alvaro Lario, a &hellip;<\/p>\n","protected":false},"author":2,"featured_media":0,"comment_status":"open","ping_status":"open","sticky":false,"template":"","format":"standard","meta":{"footnotes":""},"categories":[18,2],"tags":[],"class_list":["post-8390","post","type-post","status-publish","format-standard","hentry","category-actualites","category-economie"],"_links":{"self":[{"href":"https:\/\/ladepeche.mr\/index.php?rest_route=\/wp\/v2\/posts\/8390","targetHints":{"allow":["GET"]}}],"collection":[{"href":"https:\/\/ladepeche.mr\/index.php?rest_route=\/wp\/v2\/posts"}],"about":[{"href":"https:\/\/ladepeche.mr\/index.php?rest_route=\/wp\/v2\/types\/post"}],"author":[{"embeddable":true,"href":"https:\/\/ladepeche.mr\/index.php?rest_route=\/wp\/v2\/users\/2"}],"replies":[{"embeddable":true,"href":"https:\/\/ladepeche.mr\/index.php?rest_route=%2Fwp%2Fv2%2Fcomments&post=8390"}],"version-history":[{"count":3,"href":"https:\/\/ladepeche.mr\/index.php?rest_route=\/wp\/v2\/posts\/8390\/revisions"}],"predecessor-version":[{"id":8393,"href":"https:\/\/ladepeche.mr\/index.php?rest_route=\/wp\/v2\/posts\/8390\/revisions\/8393"}],"wp:attachment":[{"href":"https:\/\/ladepeche.mr\/index.php?rest_route=%2Fwp%2Fv2%2Fmedia&parent=8390"}],"wp:term":[{"taxonomy":"category","embeddable":true,"href":"https:\/\/ladepeche.mr\/index.php?rest_route=%2Fwp%2Fv2%2Fcategories&post=8390"},{"taxonomy":"post_tag","embeddable":true,"href":"https:\/\/ladepeche.mr\/index.php?rest_route=%2Fwp%2Fv2%2Ftags&post=8390"}],"curies":[{"name":"wp","href":"https:\/\/api.w.org\/{rel}","templated":true}]}}