{"id":8397,"date":"2024-02-16T18:16:00","date_gmt":"2024-02-16T18:16:00","guid":{"rendered":"https:\/\/ladepeche.mr\/?p=8397"},"modified":"2024-02-16T18:18:03","modified_gmt":"2024-02-16T18:18:03","slug":"securite-arrestation-dun-presume-terroriste","status":"publish","type":"post","link":"https:\/\/ladepeche.mr\/?p=8397","title":{"rendered":"S\u00e9curit\u00e9: arrestation d\u2019un pr\u00e9sum\u00e9 terroriste \u00e2prement recherch\u00e9"},"content":{"rendered":"<p>Un pr\u00e9sum\u00e9 terroriste li\u00e9 \u00e0 L\u2019organisation terroriste Daech aurait \u00e9t\u00e9 appr\u00e9hend\u00e9 par les autorit\u00e9s mauritaniennes si l\u2019on en croit des sources m\u00e9diatiques.<br \/>\nM\u00eame si ces sources ne donnent aucune pr\u00e9cision sur les circonstances et le lieu de son arrestation, force est de constater que l\u2019individu qui agirait en solitaire \u00e9tait \u00e2prement recherch\u00e9 depuis le 15 f\u00e9vrier. Les autorit\u00e9s s\u00e9curitaires avaient, en effet, inform\u00e9 de l\u2019\u00e9ventualit\u00e9 de l\u2019entr\u00e9e du terroriste sur le territoire national et la mise en n garde contre lui.<br \/>\nA noter qu\u2019aucune r\u00e9action officielle li\u00e9e \u00e0 cette \u00e9ventuelle arrestation n\u2019a officiellement \u00e9t\u00e9 donn\u00e9e par les autorit\u00e9s concern\u00e9es. <\/p>\n","protected":false},"excerpt":{"rendered":"<p>Un pr\u00e9sum\u00e9 terroriste li\u00e9 \u00e0 L\u2019organisation terroriste Daech aurait \u00e9t\u00e9 appr\u00e9hend\u00e9 par les autorit\u00e9s mauritaniennes si l\u2019on en croit des sources m\u00e9diatiques. M\u00eame si ces sources ne donnent aucune pr\u00e9cision sur les circonstances et le lieu de son arrestation, force est de constater que l\u2019individu qui agirait en solitaire \u00e9tait \u00e2prement recherch\u00e9 depuis le 15 &hellip;<\/p>\n","protected":false},"author":2,"featured_media":0,"comment_status":"open","ping_status":"open","sticky":false,"template":"","format":"standard","meta":{"footnotes":""},"categories":[18,29],"tags":[],"class_list":["post-8397","post","type-post","status-publish","format-standard","hentry","category-actualites","category-monde"],"_links":{"self":[{"href":"https:\/\/ladepeche.mr\/index.php?rest_route=\/wp\/v2\/posts\/8397","targetHints":{"allow":["GET"]}}],"collection":[{"href":"https:\/\/ladepeche.mr\/index.php?rest_route=\/wp\/v2\/posts"}],"about":[{"href":"https:\/\/ladepeche.mr\/index.php?rest_route=\/wp\/v2\/types\/post"}],"author":[{"embeddable":true,"href":"https:\/\/ladepeche.mr\/index.php?rest_route=\/wp\/v2\/users\/2"}],"replies":[{"embeddable":true,"href":"https:\/\/ladepeche.mr\/index.php?rest_route=%2Fwp%2Fv2%2Fcomments&post=8397"}],"version-history":[{"count":2,"href":"https:\/\/ladepeche.mr\/index.php?rest_route=\/wp\/v2\/posts\/8397\/revisions"}],"predecessor-version":[{"id":8399,"href":"https:\/\/ladepeche.mr\/index.php?rest_route=\/wp\/v2\/posts\/8397\/revisions\/8399"}],"wp:attachment":[{"href":"https:\/\/ladepeche.mr\/index.php?rest_route=%2Fwp%2Fv2%2Fmedia&parent=8397"}],"wp:term":[{"taxonomy":"category","embeddable":true,"href":"https:\/\/ladepeche.mr\/index.php?rest_route=%2Fwp%2Fv2%2Fcategories&post=8397"},{"taxonomy":"post_tag","embeddable":true,"href":"https:\/\/ladepeche.mr\/index.php?rest_route=%2Fwp%2Fv2%2Ftags&post=8397"}],"curies":[{"name":"wp","href":"https:\/\/api.w.org\/{rel}","templated":true}]}}