{"id":8400,"date":"2024-02-16T18:27:47","date_gmt":"2024-02-16T18:27:47","guid":{"rendered":"https:\/\/ladepeche.mr\/?p=8400"},"modified":"2024-02-16T18:32:06","modified_gmt":"2024-02-16T18:32:06","slug":"social-les-enfants-de-letat-profond-font-parler-deux-sur-la-toile","status":"publish","type":"post","link":"https:\/\/ladepeche.mr\/?p=8400","title":{"rendered":"Social: Les enfants de l\u2019Etat profond font parler d\u2019eux sur la toile!"},"content":{"rendered":"<p>Ils sont fils d\u2019anciens ministres, d\u2019\u00e9rudits, d\u2019hommes politiques, d\u2019hommes d\u2019affaires et de hauts grad\u00e9s dans la hi\u00e9rarchie militaire. Si certains ont plus de chance que \u00abla normale\u00a0\u00bb pour tenter de bien se former, beaucoup n\u2019ont droit \u00e0 gravir les \u00e9chelons que parce qu\u2019ils sont n\u00e9s sous la \u00abbonne\u00a0\u00bb \u00e9toile. Sur la toile, ces derniers jours on ne parle que de ces fils et filles \u00e0 papa (\u00e0 maman aussi) qui connaissent une ascension fulgurante et en vagues&#8230;.avec diagonale bleue (rappel du PRDS de Taya o\u00f9 les g\u00e9niteurs ont subi leur propre formation boulimique comme elle leur a servi de moule pour faire du chemin!).<br \/>\nParmi ces \u00abenfants\u00a0\u00bb de la R\u00e9publique, il y a de tout. Du bon et du moins bon. Mais ce n\u2019est pas certainement \u00e0 l\u2019aune de la qualit\u00e9 qu\u2019ils sont tous choisis ou jug\u00e9s. Sur la toile, une opinion boule de neige se forme et se dit outr\u00e9e par la pr\u00e9sence de tels \u00abgarnements\u00a0\u00bb au d\u00e9triment d\u2019une majorit\u00e9 silencieuse. Mais il semble que ce n\u2019est l\u00e0 que la partie visible de l\u2019iceberg. Combien sont-ils \u00e0 passer inaper\u00e7us, incognitos notamment dans le milieu des affaires qui secr\u00e8te lui aussi -La main dans le sac- sa frange de d\u00e9cideurs privil\u00e9gi\u00e9s pour demain. Pendant ce temps et face \u00e0 l\u2019impossibilit\u00e9 pour elle d\u2019acc\u00e9der aux emplois discr\u00e9tionnaires ou public, la grande masse de nos jeunes concitoyens se paup\u00e9rise et au p\u00e9ril de sa vie tente l\u2019aventure du mur am\u00e9ricain.<br \/>\nJD<\/p>\n","protected":false},"excerpt":{"rendered":"<p>Ils sont fils d\u2019anciens ministres, d\u2019\u00e9rudits, d\u2019hommes politiques, d\u2019hommes d\u2019affaires et de hauts grad\u00e9s dans la hi\u00e9rarchie militaire. Si certains ont plus de chance que \u00abla normale\u00a0\u00bb pour tenter de bien se former, beaucoup n\u2019ont droit \u00e0 gravir les \u00e9chelons que parce qu\u2019ils sont n\u00e9s sous la \u00abbonne\u00a0\u00bb \u00e9toile. Sur la toile, ces derniers jours &hellip;<\/p>\n","protected":false},"author":2,"featured_media":0,"comment_status":"open","ping_status":"open","sticky":false,"template":"","format":"standard","meta":{"footnotes":""},"categories":[18,31],"tags":[],"class_list":["post-8400","post","type-post","status-publish","format-standard","hentry","category-actualites","category-politique-et-reportages"],"_links":{"self":[{"href":"https:\/\/ladepeche.mr\/index.php?rest_route=\/wp\/v2\/posts\/8400","targetHints":{"allow":["GET"]}}],"collection":[{"href":"https:\/\/ladepeche.mr\/index.php?rest_route=\/wp\/v2\/posts"}],"about":[{"href":"https:\/\/ladepeche.mr\/index.php?rest_route=\/wp\/v2\/types\/post"}],"author":[{"embeddable":true,"href":"https:\/\/ladepeche.mr\/index.php?rest_route=\/wp\/v2\/users\/2"}],"replies":[{"embeddable":true,"href":"https:\/\/ladepeche.mr\/index.php?rest_route=%2Fwp%2Fv2%2Fcomments&post=8400"}],"version-history":[{"count":2,"href":"https:\/\/ladepeche.mr\/index.php?rest_route=\/wp\/v2\/posts\/8400\/revisions"}],"predecessor-version":[{"id":8402,"href":"https:\/\/ladepeche.mr\/index.php?rest_route=\/wp\/v2\/posts\/8400\/revisions\/8402"}],"wp:attachment":[{"href":"https:\/\/ladepeche.mr\/index.php?rest_route=%2Fwp%2Fv2%2Fmedia&parent=8400"}],"wp:term":[{"taxonomy":"category","embeddable":true,"href":"https:\/\/ladepeche.mr\/index.php?rest_route=%2Fwp%2Fv2%2Fcategories&post=8400"},{"taxonomy":"post_tag","embeddable":true,"href":"https:\/\/ladepeche.mr\/index.php?rest_route=%2Fwp%2Fv2%2Ftags&post=8400"}],"curies":[{"name":"wp","href":"https:\/\/api.w.org\/{rel}","templated":true}]}}