{"id":8409,"date":"2024-02-17T14:06:59","date_gmt":"2024-02-17T14:06:59","guid":{"rendered":"https:\/\/ladepeche.mr\/?p=8409"},"modified":"2024-02-17T18:01:59","modified_gmt":"2024-02-17T18:01:59","slug":"afrique-lua-confiee-au-president-ghazouani","status":"publish","type":"post","link":"https:\/\/ladepeche.mr\/?p=8409","title":{"rendered":"Afrique-AG des Chefs d\u2019Etat et de gouvernements: l&#8217;UA confi\u00e9e au pr\u00e9sident Ghazouani"},"content":{"rendered":"<p>C&#8217;est une v\u00e9ritable cons\u00e9cration diplomatique pour le pr\u00e9sident Mohamed Ould Cheikh Ghazouani, dont les pairs r\u00e9unis \u00e0 l&#8217;occasion de la 37\u00e8me session ordinaire de l&#8217;AG des Chefs d&#8217;Etat et de gouvernements lui ont confi\u00e9 le gouvernail de l&#8217;organisation continentale pour l&#8217;ann\u00e9e 2024-2025.<br \/>\nLe pr\u00e9sident Ghazouani qui assure dor\u00e9navant la pr\u00e9sidence tournante de l\u2019Union africaine gr\u00e2ce au consensus des \u00c9tats membres de la r\u00e9gion d\u2019Afrique du Nord autour de sa personne devrait, en raison de son aura aupr\u00e8s de ses pairs, de son tact dans les relations internationales mais aussi gr\u00e2ce \u00e0 la confiance des partenaires au d\u00e9veloppement, engrang\u00e9 quelques succ\u00e8s pour le Continent \u00e0 l&#8217;issue de son mandat \u00e0 la t\u00eate de l&#8217;organisation.<br \/>\nOutre le charisme du pr\u00e9sident lui-m\u00eame, rappelons \u00e9galement le r\u00f4le en phase avec cette perception jou\u00e9 par notre diplomatie sur le Continent et notamment celui de Mohamed Salem Ould Merzough qui la dirige depuis quelques ann\u00e9es.<br \/>\nDes atouts essentiels pour le pr\u00e9sident Ghazouani \u00e0 relever certains d\u00e9fis continentaux et \u00e0 honorer la confiance plac\u00e9e en lui par ses pairs pour trouver des solutions idoines aux questions communes.<\/p>\n","protected":false},"excerpt":{"rendered":"<p>C&#8217;est une v\u00e9ritable cons\u00e9cration diplomatique pour le pr\u00e9sident Mohamed Ould Cheikh Ghazouani, dont les pairs r\u00e9unis \u00e0 l&#8217;occasion de la 37\u00e8me session ordinaire de l&#8217;AG des Chefs d&#8217;Etat et de gouvernements lui ont confi\u00e9 le gouvernail de l&#8217;organisation continentale pour l&#8217;ann\u00e9e 2024-2025. Le pr\u00e9sident Ghazouani qui assure dor\u00e9navant la pr\u00e9sidence tournante de l\u2019Union africaine gr\u00e2ce &hellip;<\/p>\n","protected":false},"author":2,"featured_media":4715,"comment_status":"open","ping_status":"open","sticky":false,"template":"","format":"standard","meta":{"footnotes":""},"categories":[18,29],"tags":[],"class_list":["post-8409","post","type-post","status-publish","format-standard","has-post-thumbnail","hentry","category-actualites","category-monde"],"_links":{"self":[{"href":"https:\/\/ladepeche.mr\/index.php?rest_route=\/wp\/v2\/posts\/8409","targetHints":{"allow":["GET"]}}],"collection":[{"href":"https:\/\/ladepeche.mr\/index.php?rest_route=\/wp\/v2\/posts"}],"about":[{"href":"https:\/\/ladepeche.mr\/index.php?rest_route=\/wp\/v2\/types\/post"}],"author":[{"embeddable":true,"href":"https:\/\/ladepeche.mr\/index.php?rest_route=\/wp\/v2\/users\/2"}],"replies":[{"embeddable":true,"href":"https:\/\/ladepeche.mr\/index.php?rest_route=%2Fwp%2Fv2%2Fcomments&post=8409"}],"version-history":[{"count":10,"href":"https:\/\/ladepeche.mr\/index.php?rest_route=\/wp\/v2\/posts\/8409\/revisions"}],"predecessor-version":[{"id":8424,"href":"https:\/\/ladepeche.mr\/index.php?rest_route=\/wp\/v2\/posts\/8409\/revisions\/8424"}],"wp:featuredmedia":[{"embeddable":true,"href":"https:\/\/ladepeche.mr\/index.php?rest_route=\/wp\/v2\/media\/4715"}],"wp:attachment":[{"href":"https:\/\/ladepeche.mr\/index.php?rest_route=%2Fwp%2Fv2%2Fmedia&parent=8409"}],"wp:term":[{"taxonomy":"category","embeddable":true,"href":"https:\/\/ladepeche.mr\/index.php?rest_route=%2Fwp%2Fv2%2Fcategories&post=8409"},{"taxonomy":"post_tag","embeddable":true,"href":"https:\/\/ladepeche.mr\/index.php?rest_route=%2Fwp%2Fv2%2Ftags&post=8409"}],"curies":[{"name":"wp","href":"https:\/\/api.w.org\/{rel}","templated":true}]}}