{"id":8428,"date":"2024-02-17T23:28:37","date_gmt":"2024-02-17T23:28:37","guid":{"rendered":"https:\/\/ladepeche.mr\/?p=8428"},"modified":"2024-02-17T23:40:21","modified_gmt":"2024-02-17T23:40:21","slug":"mauritanie-ua-ue-j-borrell-senr-jouit-du-choix-de-ghazouani-aux-commandes-de-lua","status":"publish","type":"post","link":"https:\/\/ladepeche.mr\/?p=8428","title":{"rendered":"Mauritanie-UA-UE- J.Borrell se r\u00e9jouit du choix de Ghazouani aux commandes de l\u2019Ua (actualisation)"},"content":{"rendered":"<p>Le chef de la diplomatie europ\u00e9enne, J. Borrell, a salu\u00e9 samedi, dans un tweet sur sa page \u00abX\u00a0\u00bb, l\u2019\u00e9lection du pr\u00e9sident Ghazouani \u00e0 la pr\u00e9sidence tournante de l\u2019Union Europ\u00e9enne.<br \/>\n\u00ab\u00a0Au moment o\u00f9 le monde est confront\u00e9 \u00e0 une multiplication de d\u00e9fis, l\u2019UE se r\u00e9jouit de pouvoir compter sur la Mauritanie pour avancer l\u2019agenda conjoint \u202a#AUEU\u202c et renforcer le multilat\u00e9ralisme\u00a0\u00bb a notamment esp\u00e9r\u00e9 le chef de la diplomatie europ\u00e9enne.<br \/>\nLes r\u00e9actions positives s\u2019encha\u00eenent pour se f\u00e9liciter du choix consensuel de l\u2019UA pour transmettre le t\u00e9moin de la pr\u00e9sidence au pr\u00e9sident mauritanien.<br \/>\nC\u2019est une v\u00e9ritable cons\u00e9cration diplomatique pour le pr\u00e9sident Mohamed Ould Cheikh Ghazouani, dont les pairs r\u00e9unis \u00e0 l\u2019occasion de la 37\u00e8me session ordinaire de l\u2019AG des Chefs d\u2019Etat et de gouvernements lui ont confi\u00e9 le gouvernail de l\u2019organisation continentale pour l\u2019ann\u00e9e 2024-2025.<br \/>\nLe pr\u00e9sident Ghazouani qui assure dor\u00e9navant la pr\u00e9sidence tournante de l\u2019Union africaine gr\u00e2ce au consensus des \u00c9tats membres de la r\u00e9gion d\u2019Afrique du Nord autour de sa personne devrait, en raison de son aura aupr\u00e8s de ses pairs, de son tact dans les relations internationales mais aussi gr\u00e2ce \u00e0 la confiance des partenaires au d\u00e9veloppement, engrang\u00e9 quelques succ\u00e8s pour le Continent \u00e0 l\u2019issue de son mandat \u00e0 la t\u00eate de l\u2019organisation.<br \/>\nOutre le charisme du pr\u00e9sident lui-m\u00eame, rappelons \u00e9galement le r\u00f4le en phase avec cette perception jou\u00e9 par notre diplomatie sur le Continent et notamment celui de Mohamed Salem Ould Merzough qui la dirige depuis quelques ann\u00e9es.<br \/>\nDes atouts essentiels pour le pr\u00e9sident Ghazouani \u00e0 relever certains d\u00e9fis continentaux et \u00e0 honorer la confiance plac\u00e9e en lui par ses pairs pour trouver des solutions idoines aux questions communes.<\/p>\n","protected":false},"excerpt":{"rendered":"<p>Le chef de la diplomatie europ\u00e9enne, J. Borrell, a salu\u00e9 samedi, dans un tweet sur sa page \u00abX\u00a0\u00bb, l\u2019\u00e9lection du pr\u00e9sident Ghazouani \u00e0 la pr\u00e9sidence tournante de l\u2019Union Europ\u00e9enne. \u00ab\u00a0Au moment o\u00f9 le monde est confront\u00e9 \u00e0 une multiplication de d\u00e9fis, l\u2019UE se r\u00e9jouit de pouvoir compter sur la Mauritanie pour avancer l\u2019agenda conjoint \u202a#AUEU\u202c &hellip;<\/p>\n","protected":false},"author":2,"featured_media":0,"comment_status":"open","ping_status":"open","sticky":false,"template":"","format":"standard","meta":{"footnotes":""},"categories":[18,29],"tags":[],"class_list":["post-8428","post","type-post","status-publish","format-standard","hentry","category-actualites","category-monde"],"_links":{"self":[{"href":"https:\/\/ladepeche.mr\/index.php?rest_route=\/wp\/v2\/posts\/8428","targetHints":{"allow":["GET"]}}],"collection":[{"href":"https:\/\/ladepeche.mr\/index.php?rest_route=\/wp\/v2\/posts"}],"about":[{"href":"https:\/\/ladepeche.mr\/index.php?rest_route=\/wp\/v2\/types\/post"}],"author":[{"embeddable":true,"href":"https:\/\/ladepeche.mr\/index.php?rest_route=\/wp\/v2\/users\/2"}],"replies":[{"embeddable":true,"href":"https:\/\/ladepeche.mr\/index.php?rest_route=%2Fwp%2Fv2%2Fcomments&post=8428"}],"version-history":[{"count":5,"href":"https:\/\/ladepeche.mr\/index.php?rest_route=\/wp\/v2\/posts\/8428\/revisions"}],"predecessor-version":[{"id":8433,"href":"https:\/\/ladepeche.mr\/index.php?rest_route=\/wp\/v2\/posts\/8428\/revisions\/8433"}],"wp:attachment":[{"href":"https:\/\/ladepeche.mr\/index.php?rest_route=%2Fwp%2Fv2%2Fmedia&parent=8428"}],"wp:term":[{"taxonomy":"category","embeddable":true,"href":"https:\/\/ladepeche.mr\/index.php?rest_route=%2Fwp%2Fv2%2Fcategories&post=8428"},{"taxonomy":"post_tag","embeddable":true,"href":"https:\/\/ladepeche.mr\/index.php?rest_route=%2Fwp%2Fv2%2Ftags&post=8428"}],"curies":[{"name":"wp","href":"https:\/\/api.w.org\/{rel}","templated":true}]}}