{"id":8439,"date":"2024-02-19T13:43:55","date_gmt":"2024-02-19T13:43:55","guid":{"rendered":"https:\/\/ladepeche.mr\/?p=8439"},"modified":"2024-02-19T13:43:55","modified_gmt":"2024-02-19T13:43:55","slug":"lunion-africaine-condamne-loperation-militaire-contre-gaza","status":"publish","type":"post","link":"https:\/\/ladepeche.mr\/?p=8439","title":{"rendered":"L\u2019Union africaine condamne l\u2019op\u00e9ration militaire contre Gaza"},"content":{"rendered":"<p>Dans un communiqu\u00e9 publi\u00e9 dimanche, l\u2019organisation condamne \u201cles punitions collectives inflig\u00e9es aux civils de Gaza, et les tentatives de les transf\u00e9rer par force vers Sina\u00ef\u201d, appelant Isra\u00ebl \u00e0 r\u00e9pondre aux appels internationaux en faveur d\u2019un cessez-le-feu permanent dans la bande de Gaza et \u00e0 lever le si\u00e8ge injuste impos\u00e9 sur la bande de Gaza.<\/p>\n<p>Les dirigeants africains ont condamn\u00e9 \u201cla guerre brutale\u201d et le \u201crecours excessif\u201d \u00e0 la force par l\u2019arm\u00e9e isra\u00e9lienne contre 2,2 millions de civils \u201csans d\u00e9fense\u201d dans la bande de Gaza, appelant \u00e0 une enqu\u00eate internationale ind\u00e9pendante sur l\u2019utilisation par Isra\u00ebl d\u2019armes interdites au niveau international et sur ses attaques contre des h\u00f4pitaux et des institutions m\u00e9diatiques.<\/p>\n<p>Ils ont \u00e9galement condamn\u00e9 le soutien apport\u00e9 par certains pays \u00e0 l&#8217;occupation isra\u00e9lienne et sa volont\u00e9 de poursuivre ses op\u00e9rations militaires.<\/p>\n<p>La veille, les chefs d&#8217;\u00c9tat ont unanimement condamn\u00e9 l&#8217;offensive men\u00e9e par Isra\u00ebl dans la bande de Gaza, appelant \u00e0 sa cessation imm\u00e9diate. Moussa Faki, pr\u00e9sident de la Commission de l&#8217;Union africaine a, dans son discours d\u2019ouverture, qualifi\u00e9 l&#8217;offensive isra\u00e9lienne de &#8220;violation la plus flagrante&#8221; du droit international humanitaire, accusant Isra\u00ebl d&#8217;avoir &#8220;extermin\u00e9&#8221; les habitants de Gaza.<\/p>\n<p>Il a \u00e9galement d\u00e9plor\u00e9 une localit\u00e9 \u201clitt\u00e9ralement ras\u00e9e, son peuple presque extermin\u00e9 \u2026 humili\u00e9 dans sa dignit\u00e9 et spoli\u00e9 de tous ses droits\u201d. Saluant l\u2019initiative sud-africaine de saisir la CIJ contre Isra\u00ebl, il a repris ces propos de Nelson Mandela: \u201c Nous savons tr\u00e8s bien que notre libert\u00e9 est incompl\u00e8te sans celle de la Palestine \u201c.<br \/>\nhttps:\/\/www.trtfrancais.com\/actualites\/lunion-africaine-condamne-loperation-militaire-contre-gaza-17041971<\/p>\n","protected":false},"excerpt":{"rendered":"<p>Dans un communiqu\u00e9 publi\u00e9 dimanche, l\u2019organisation condamne \u201cles punitions collectives inflig\u00e9es aux civils de Gaza, et les tentatives de les transf\u00e9rer par force vers Sina\u00ef\u201d, appelant Isra\u00ebl \u00e0 r\u00e9pondre aux appels internationaux en faveur d\u2019un cessez-le-feu permanent dans la bande de Gaza et \u00e0 lever le si\u00e8ge injuste impos\u00e9 sur la bande de Gaza. Les &hellip;<\/p>\n","protected":false},"author":2,"featured_media":8440,"comment_status":"open","ping_status":"open","sticky":false,"template":"","format":"standard","meta":{"footnotes":""},"categories":[18,29,19],"tags":[],"class_list":["post-8439","post","type-post","status-publish","format-standard","has-post-thumbnail","hentry","category-actualites","category-monde","category-tribune"],"_links":{"self":[{"href":"https:\/\/ladepeche.mr\/index.php?rest_route=\/wp\/v2\/posts\/8439","targetHints":{"allow":["GET"]}}],"collection":[{"href":"https:\/\/ladepeche.mr\/index.php?rest_route=\/wp\/v2\/posts"}],"about":[{"href":"https:\/\/ladepeche.mr\/index.php?rest_route=\/wp\/v2\/types\/post"}],"author":[{"embeddable":true,"href":"https:\/\/ladepeche.mr\/index.php?rest_route=\/wp\/v2\/users\/2"}],"replies":[{"embeddable":true,"href":"https:\/\/ladepeche.mr\/index.php?rest_route=%2Fwp%2Fv2%2Fcomments&post=8439"}],"version-history":[{"count":1,"href":"https:\/\/ladepeche.mr\/index.php?rest_route=\/wp\/v2\/posts\/8439\/revisions"}],"predecessor-version":[{"id":8441,"href":"https:\/\/ladepeche.mr\/index.php?rest_route=\/wp\/v2\/posts\/8439\/revisions\/8441"}],"wp:featuredmedia":[{"embeddable":true,"href":"https:\/\/ladepeche.mr\/index.php?rest_route=\/wp\/v2\/media\/8440"}],"wp:attachment":[{"href":"https:\/\/ladepeche.mr\/index.php?rest_route=%2Fwp%2Fv2%2Fmedia&parent=8439"}],"wp:term":[{"taxonomy":"category","embeddable":true,"href":"https:\/\/ladepeche.mr\/index.php?rest_route=%2Fwp%2Fv2%2Fcategories&post=8439"},{"taxonomy":"post_tag","embeddable":true,"href":"https:\/\/ladepeche.mr\/index.php?rest_route=%2Fwp%2Fv2%2Ftags&post=8439"}],"curies":[{"name":"wp","href":"https:\/\/api.w.org\/{rel}","templated":true}]}}