{"id":8462,"date":"2024-02-19T22:51:08","date_gmt":"2024-02-19T22:51:08","guid":{"rendered":"https:\/\/ladepeche.mr\/?p=8462"},"modified":"2024-02-19T22:51:08","modified_gmt":"2024-02-19T22:51:08","slug":"lula-compare-israel-au-regime-hitlerien-et-denonce-un-genocide-a-gaza","status":"publish","type":"post","link":"https:\/\/ladepeche.mr\/?p=8462","title":{"rendered":"Lula compare Isra\u00ebl au r\u00e9gime hitl\u00e9rien et d\u00e9nonce un \u00ab g\u00e9nocide \u00bb \u00e0 Gaza"},"content":{"rendered":"<p>\u00ab CE QU\u2019IL SE PASSE DANS LA BANDE DE GAZA N\u2019EST PAS UNE GUERRE, MAIS UN G\u00c9NOCIDE \u00bb, Lula a accus\u00e9 Isra\u00ebl de commettre un \u00ab g\u00e9nocide \u00bb des Palestiniens dans la bande de Gaza. Interrog\u00e9 lors du sommet de l\u2019Union africaine, \u00e0 Addis-Abeba en \u00c9thiopie, le pr\u00e9sident br\u00e9silien a r\u00e9pondu \u00e0 une question concernant la d\u00e9cision de son gouvernement d&#8217;apporter de nouvelles ressources pour l\u2019Office de secours et de travaux des Nations unies pour les r\u00e9fugi\u00e9s de Palestine dans le Proche-Orient.<br \/>\nLuiz Inacio Lula da Silva est all\u00e9 plus loin en comparant la situation actuelle avec l\u2019extermination des Juifs mise en \u0153uvre par le r\u00e9gime hitl\u00e9rien. \u00ab Ce qui se passe dans la bande de Gaza avec le peuple palestinien (&#8230;) s&#8217;est d\u00e9j\u00e0 produit : lorsque Hitler a d\u00e9cid\u00e9 de tuer les juifs \u00bb, a-t-il ajout\u00e9. Jeudi, le dirigeant avait appel\u00e9 \u00e0 un cessez-le-feu durant une r\u00e9union du Conseil de la Ligue arabe au Caire. Lula avait d\u00e9nonc\u00e9 \u00ab une punition collective \u00bb inflig\u00e9e aux Palestiniens. \u00ab Nous devons mettre fin \u00e0 cette [guerre] inhumaine [\u2026]. Arr\u00eatez cette punition collective \u00bb.<br \/>\n \u00ab La solution d\u2019Isra\u00ebl s\u2019est av\u00e9r\u00e9e aussi grave que celle du Hamas \u00bb<br \/>\nEn novembre dernier, le pr\u00e9sident br\u00e9silien avait accus\u00e9 l\u2019\u00c9tat h\u00e9breu de \u00ab tuer des innocents sans aucun crit\u00e8re \u00bb, lors d\u2019une c\u00e9r\u00e9monie officielle \u00e0 Brasilia. \u00ab Apr\u00e8s les actes de terrorisme du Hamas, [&#8230;] la solution d\u2019Isra\u00ebl s\u2019est av\u00e9r\u00e9e aussi grave que celle du Hamas \u00bb, avait-il jug\u00e9. Le pr\u00e9sident du plus grand pays d\u2019Am\u00e9rique latine avait accus\u00e9 Isra\u00ebl de \u00ab lancer des bombes l\u00e0 o\u00f9 il y a des enfants, comme sur des h\u00f4pitaux, sous pr\u00e9texte que des terroristes s\u2019y trouveraient \u00bb. Des propos qui avaient suscit\u00e9 l\u2019indignation de la communaut\u00e9 juive br\u00e9silienne. \u00ab [Mettre] sur le m\u00eame plan les actions d\u2019Isra\u00ebl et le groupe terroriste Hamas [est] erron\u00e9 et dangereux \u00bb, avait r\u00e9agi dans une note la Conf\u00e9d\u00e9ration isra\u00e9lienne du Br\u00e9sil. Avant d\u2019ajouter : \u00ab Notre communaut\u00e9 attend un \u00e9quilibre de la part de nos autorit\u00e9s \u00bb.<\/p>\n<p>https:\/\/www.lejdd.fr\/international\/lula-compare-israel-au-regime-hitlerien-et-denonce-un-genocide-gaza-142219<\/p>\n","protected":false},"excerpt":{"rendered":"<p>\u00ab CE QU\u2019IL SE PASSE DANS LA BANDE DE GAZA N\u2019EST PAS UNE GUERRE, MAIS UN G\u00c9NOCIDE \u00bb, Lula a accus\u00e9 Isra\u00ebl de commettre un \u00ab g\u00e9nocide \u00bb des Palestiniens dans la bande de Gaza. Interrog\u00e9 lors du sommet de l\u2019Union africaine, \u00e0 Addis-Abeba en \u00c9thiopie, le pr\u00e9sident br\u00e9silien a r\u00e9pondu \u00e0 une question concernant &hellip;<\/p>\n","protected":false},"author":2,"featured_media":8463,"comment_status":"open","ping_status":"open","sticky":false,"template":"","format":"standard","meta":{"footnotes":""},"categories":[18,29],"tags":[],"class_list":["post-8462","post","type-post","status-publish","format-standard","has-post-thumbnail","hentry","category-actualites","category-monde"],"_links":{"self":[{"href":"https:\/\/ladepeche.mr\/index.php?rest_route=\/wp\/v2\/posts\/8462","targetHints":{"allow":["GET"]}}],"collection":[{"href":"https:\/\/ladepeche.mr\/index.php?rest_route=\/wp\/v2\/posts"}],"about":[{"href":"https:\/\/ladepeche.mr\/index.php?rest_route=\/wp\/v2\/types\/post"}],"author":[{"embeddable":true,"href":"https:\/\/ladepeche.mr\/index.php?rest_route=\/wp\/v2\/users\/2"}],"replies":[{"embeddable":true,"href":"https:\/\/ladepeche.mr\/index.php?rest_route=%2Fwp%2Fv2%2Fcomments&post=8462"}],"version-history":[{"count":1,"href":"https:\/\/ladepeche.mr\/index.php?rest_route=\/wp\/v2\/posts\/8462\/revisions"}],"predecessor-version":[{"id":8464,"href":"https:\/\/ladepeche.mr\/index.php?rest_route=\/wp\/v2\/posts\/8462\/revisions\/8464"}],"wp:featuredmedia":[{"embeddable":true,"href":"https:\/\/ladepeche.mr\/index.php?rest_route=\/wp\/v2\/media\/8463"}],"wp:attachment":[{"href":"https:\/\/ladepeche.mr\/index.php?rest_route=%2Fwp%2Fv2%2Fmedia&parent=8462"}],"wp:term":[{"taxonomy":"category","embeddable":true,"href":"https:\/\/ladepeche.mr\/index.php?rest_route=%2Fwp%2Fv2%2Fcategories&post=8462"},{"taxonomy":"post_tag","embeddable":true,"href":"https:\/\/ladepeche.mr\/index.php?rest_route=%2Fwp%2Fv2%2Ftags&post=8462"}],"curies":[{"name":"wp","href":"https:\/\/api.w.org\/{rel}","templated":true}]}}