{"id":8468,"date":"2024-02-20T12:14:45","date_gmt":"2024-02-20T12:14:45","guid":{"rendered":"https:\/\/ladepeche.mr\/?p=8468"},"modified":"2024-02-20T12:28:19","modified_gmt":"2024-02-20T12:28:19","slug":"accord-de-statut-pour-le-frontex-la-polemique-fait-deja-rage","status":"publish","type":"post","link":"https:\/\/ladepeche.mr\/?p=8468","title":{"rendered":"RIM-UE- Accord de statut pour le Frontex : La pol\u00e9mique fait d\u00e9j\u00e0 rage!"},"content":{"rendered":"<p>La Mauritanie et l\u2019Ue avancent cahin-caha dans leur projet commun visant \u00e0 \u00e9tablir un accord de statut pour le Frontex le long de nos fronti\u00e8res maritimes. M\u00eame si la Guardia Civil espagnole donne d\u00e9j\u00e0 le ton de la pr\u00e9sence de la forteresse europ\u00e9enne sur nos fronti\u00e8res, force est de constater que la pol\u00e9mique enfle quant aux motivations et aux cons\u00e9quences de ce nouveau partenariat par lequel l\u2019Ue tente de se barricader contre les \u00ab Cayucos\u00bb (pirogues) en provenance d\u2019Afrique de l\u2019Ouest, Mauritanie et S\u00e9n\u00e9gal notamment.<br \/>\nUne rencontre intervient \u00e0 Nouakchott aupr\u00e8s du minist\u00e8re de l&#8217;int\u00e9rieur alors que les statistiques font \u00e9tat d\u2019une recrudescence du ph\u00e9nom\u00e8ne migratoire vers l\u2019Europe. Mais il faut reconnaitre que les r\u00e9dacteurs des recommandation du Parlement europ\u00e9en concernant des n\u00e9gociations relatives \u00e0 un accord sur le statut entre l\u2019Union europ\u00e9enne et la R\u00e9publique islamique de Mauritanie en ce qui concerne les activit\u00e9s op\u00e9rationnelles men\u00e9es par l\u2019Agence europ\u00e9enne de garde-fronti\u00e8res et de garde-c\u00f4tes (Frontex) en R\u00e9publique islamique de Mauritanie n\u2019ont pas \u00e9t\u00e9 tendres avec notre pays.<br \/>\nL\u2019image qui se d\u00e9gage des expos\u00e9s des motifs donne l\u2019impression que notre pays, qui accueille d\u00e9j\u00e0 80.000 maliens \u00e0 Mb\u00e9ra et autant de nos fr\u00e8res ouest-africains, dans d&#8217;autres villes, est un asile de terreur.  L\u2019auteure du rapport (une n\u00e9erlandaise, semble-t-il) traite notre pays de tous les maux de la plan\u00e8te. Une perception qui d\u00e9note un complexe de sup\u00e9riorit\u00e9 mal venu dans le cadre d\u2019une coop\u00e9ration que les deux parties esp\u00e8rent avantageuses et \u00e9quitables.<br \/>\nEn tout cas au niveau du minist\u00e8re de l\u2019int\u00e9rieur, on veut donner les gages du s\u00e9rieux de l\u2019engagement de l\u2019Etat mauritanien m\u00eame si l\u2019on peut consid\u00e9rer que ses responsables se trompent un peu quand ils pr\u00e9tendent que la Mauritanie n\u2019est qu\u2019une planche de transition pour les migrants. La r\u00e9alit\u00e9 est que de plus en plus de migrants restent bloqu\u00e9s dans notre pays et n&#8217;ont plus d\u2019autre choix que de vivre parmi nous. Les n\u00e9gociations pr\u00e9liminaires sur l\u2019agenda de coop\u00e9ration qui devrait \u00eatre suivies de n\u00e9gociations plus ardues les 7 et 8 mars prochains rappellent que malgr\u00e9 les largesses financi\u00e8res de l\u2019Europe cette lancinante question de cog\u00e9rer avec elle le flux migratoire n\u2019est que la partie visible d\u2019un \u00e9norme iceberg. Tout ce qui brille n\u2019est pas forc\u00e9ment de l\u2019or, renseigne le vieux diction. Le processus et la multiplicit\u00e9 des intervenants \u00e9tatiques augurent d&#8217;une affaire encore plus complexe. Des voix se font d\u00e9sormais entendre pour r\u00e9clamer plus de transparence sur cet accord que certaines forces de l&#8217;opposition mauritanienne rejettent d&#8217;embl\u00e9e pour le statut de &#8220;gendarme&#8221; que l&#8217;Etat mauritanien serait cens\u00e9 jouer pour les Europ\u00e9ens.<br \/>\nJD<br \/>\nNous y reviendrons<\/p>\n","protected":false},"excerpt":{"rendered":"<p>La Mauritanie et l\u2019Ue avancent cahin-caha dans leur projet commun visant \u00e0 \u00e9tablir un accord de statut pour le Frontex le long de nos fronti\u00e8res maritimes. M\u00eame si la Guardia Civil espagnole donne d\u00e9j\u00e0 le ton de la pr\u00e9sence de la forteresse europ\u00e9enne sur nos fronti\u00e8res, force est de constater que la pol\u00e9mique enfle quant &hellip;<\/p>\n","protected":false},"author":2,"featured_media":8469,"comment_status":"open","ping_status":"open","sticky":false,"template":"","format":"standard","meta":{"footnotes":""},"categories":[18,29],"tags":[],"class_list":["post-8468","post","type-post","status-publish","format-standard","has-post-thumbnail","hentry","category-actualites","category-monde"],"_links":{"self":[{"href":"https:\/\/ladepeche.mr\/index.php?rest_route=\/wp\/v2\/posts\/8468","targetHints":{"allow":["GET"]}}],"collection":[{"href":"https:\/\/ladepeche.mr\/index.php?rest_route=\/wp\/v2\/posts"}],"about":[{"href":"https:\/\/ladepeche.mr\/index.php?rest_route=\/wp\/v2\/types\/post"}],"author":[{"embeddable":true,"href":"https:\/\/ladepeche.mr\/index.php?rest_route=\/wp\/v2\/users\/2"}],"replies":[{"embeddable":true,"href":"https:\/\/ladepeche.mr\/index.php?rest_route=%2Fwp%2Fv2%2Fcomments&post=8468"}],"version-history":[{"count":10,"href":"https:\/\/ladepeche.mr\/index.php?rest_route=\/wp\/v2\/posts\/8468\/revisions"}],"predecessor-version":[{"id":8479,"href":"https:\/\/ladepeche.mr\/index.php?rest_route=\/wp\/v2\/posts\/8468\/revisions\/8479"}],"wp:featuredmedia":[{"embeddable":true,"href":"https:\/\/ladepeche.mr\/index.php?rest_route=\/wp\/v2\/media\/8469"}],"wp:attachment":[{"href":"https:\/\/ladepeche.mr\/index.php?rest_route=%2Fwp%2Fv2%2Fmedia&parent=8468"}],"wp:term":[{"taxonomy":"category","embeddable":true,"href":"https:\/\/ladepeche.mr\/index.php?rest_route=%2Fwp%2Fv2%2Fcategories&post=8468"},{"taxonomy":"post_tag","embeddable":true,"href":"https:\/\/ladepeche.mr\/index.php?rest_route=%2Fwp%2Fv2%2Ftags&post=8468"}],"curies":[{"name":"wp","href":"https:\/\/api.w.org\/{rel}","templated":true}]}}