{"id":8481,"date":"2024-02-20T18:24:22","date_gmt":"2024-02-20T18:24:22","guid":{"rendered":"https:\/\/ladepeche.mr\/?p=8481"},"modified":"2024-02-20T18:27:03","modified_gmt":"2024-02-20T18:27:03","slug":"rim-ue-migration-communique-du-ministere-de-lin","status":"publish","type":"post","link":"https:\/\/ladepeche.mr\/?p=8481","title":{"rendered":"RIM-UE-Migration: communiqu\u00e9 du minist\u00e8re de l\u2019int\u00e9rieur"},"content":{"rendered":"<p>Le minist\u00e8re de l\u2019Int\u00e9rieur et de la D\u00e9centralisation a abrit\u00e9, lundi, 19 f\u00e9vrier 2024, les n\u00e9gociations pr\u00e9liminaires entre la Mauritanie et l\u2019Union europ\u00e9enne, sur un projet de d\u00e9claration conjointe sur la migration, conform\u00e9ment \u00e0 la feuille de route discut\u00e9e entre les deux parties le 11 octobre 2023.<\/p>\n<p>Le projet de document a \u00e9t\u00e9 discut\u00e9 au si\u00e8ge du minist\u00e8re entre une d\u00e9l\u00e9gation du pays dirig\u00e9e par le secr\u00e9taire g\u00e9n\u00e9ral du minist\u00e8re de l\u2019Int\u00e9rieur et de la D\u00e9centralisation et les membres des repr\u00e9sentants des secteurs gouvernementaux concern\u00e9s et une d\u00e9l\u00e9gation de l\u2019Union europ\u00e9enne dirig\u00e9e par Mme Corinna Ulrich et dont les membres sont Son Excellence M. William Jones, ambassadeur de l\u2019Union europ\u00e9enne en Mauritanie et d\u2019autres responsables de l\u2019Union europ\u00e9enne.<\/p>\n<p>La discussion approfondie sur le document vise \u00e0 rapprocher les points de vue sur ce qui peut servir de base d\u2019un accord \u00e9quilibr\u00e9 et \u00e9quitable qui garantit le respect de la souverainet\u00e9 et des int\u00e9r\u00eats communs des deux parties et qui est conforme aux conventions, r\u00e8glements et lois en vigueur dans le cadre des trait\u00e9s et conventions internationaux dans le domaine des migrations. <\/p>\n<p>Les r\u00e9unions sur l\u2019\u00e9tude et l\u2019examen des termes du document vont se poursuivre textuellement dans les prochains jours, y compris ce qui sera examin\u00e9, lors de la prochaine r\u00e9union minist\u00e9rielle entre la Mauritanie et l\u2019Union europ\u00e9enne, qui se tiendra dans la capitale Nouakchott le 7 mars, au cours de laquelle le document d\u2019accord-cadre entre la Mauritanie et l\u2019Union europ\u00e9enne devrait \u00eatre sign\u00e9, si une formule consensuelle est trouv\u00e9e.<\/p>\n<p>\u00c0 cet \u00e9gard, la porte des n\u00e9gociations a \u00e9t\u00e9 laiss\u00e9e ouverte, dans le but de parvenir \u00e0 une compr\u00e9hension commune qui serve les int\u00e9r\u00eats des deux parties en mati\u00e8re d\u2019immigration l\u00e9gale et de lutte contre l\u2019immigration clandestine, et qui tienne compte des d\u00e9fis auxquels la Mauritanie est confront\u00e9 dans ce domaine, loin de ce que certains promeuvent quant \u00e0 l\u2019hypoth\u00e8se d\u2019une installation des immigrants ill\u00e9gaux en Mauritanie.<\/p>\n<p>Au moment o\u00f9 le gouvernement mauritanien affirme sa pr\u00e9occupation pleine et permanente pour la souverainet\u00e9 et les int\u00e9r\u00eats vitaux de la patrie, le minist\u00e8re de l\u2019Int\u00e9rieur et de la D\u00e9centralisation d\u00e9ment cat\u00e9goriquement toutes les rumeurs sur la tendance \u00e0 faire de la Mauritanie une patrie alternative pour l\u2019installation, l\u2019accueil ou l\u2019h\u00e9bergement des immigrants \u00e9trangers ill\u00e9gaux.<\/p>\n<p>Le minist\u00e8re affirme que ces rumeurs sont compl\u00e8tement fausses et que cette question n\u2019a pas du tout \u00e9t\u00e9 discut\u00e9e et n\u2019est pas sur la table et n\u2019a pas du tout sa raison de l\u2019\u00eatre. <\/p>\n<p>Via agence mauritanienne d\u2019information <\/p>\n","protected":false},"excerpt":{"rendered":"<p>Le minist\u00e8re de l\u2019Int\u00e9rieur et de la D\u00e9centralisation a abrit\u00e9, lundi, 19 f\u00e9vrier 2024, les n\u00e9gociations pr\u00e9liminaires entre la Mauritanie et l\u2019Union europ\u00e9enne, sur un projet de d\u00e9claration conjointe sur la migration, conform\u00e9ment \u00e0 la feuille de route discut\u00e9e entre les deux parties le 11 octobre 2023. Le projet de document a \u00e9t\u00e9 discut\u00e9 au &hellip;<\/p>\n","protected":false},"author":2,"featured_media":0,"comment_status":"open","ping_status":"open","sticky":false,"template":"","format":"standard","meta":{"footnotes":""},"categories":[18,29,19],"tags":[],"class_list":["post-8481","post","type-post","status-publish","format-standard","hentry","category-actualites","category-monde","category-tribune"],"_links":{"self":[{"href":"https:\/\/ladepeche.mr\/index.php?rest_route=\/wp\/v2\/posts\/8481","targetHints":{"allow":["GET"]}}],"collection":[{"href":"https:\/\/ladepeche.mr\/index.php?rest_route=\/wp\/v2\/posts"}],"about":[{"href":"https:\/\/ladepeche.mr\/index.php?rest_route=\/wp\/v2\/types\/post"}],"author":[{"embeddable":true,"href":"https:\/\/ladepeche.mr\/index.php?rest_route=\/wp\/v2\/users\/2"}],"replies":[{"embeddable":true,"href":"https:\/\/ladepeche.mr\/index.php?rest_route=%2Fwp%2Fv2%2Fcomments&post=8481"}],"version-history":[{"count":3,"href":"https:\/\/ladepeche.mr\/index.php?rest_route=\/wp\/v2\/posts\/8481\/revisions"}],"predecessor-version":[{"id":8484,"href":"https:\/\/ladepeche.mr\/index.php?rest_route=\/wp\/v2\/posts\/8481\/revisions\/8484"}],"wp:attachment":[{"href":"https:\/\/ladepeche.mr\/index.php?rest_route=%2Fwp%2Fv2%2Fmedia&parent=8481"}],"wp:term":[{"taxonomy":"category","embeddable":true,"href":"https:\/\/ladepeche.mr\/index.php?rest_route=%2Fwp%2Fv2%2Fcategories&post=8481"},{"taxonomy":"post_tag","embeddable":true,"href":"https:\/\/ladepeche.mr\/index.php?rest_route=%2Fwp%2Fv2%2Ftags&post=8481"}],"curies":[{"name":"wp","href":"https:\/\/api.w.org\/{rel}","templated":true}]}}