{"id":8492,"date":"2024-02-20T22:56:07","date_gmt":"2024-02-20T22:56:07","guid":{"rendered":"https:\/\/ladepeche.mr\/?p=8492"},"modified":"2024-02-20T22:56:07","modified_gmt":"2024-02-20T22:56:07","slug":"le-premier-ministre-preside-la-reunion-de-dialogue-periodique-avec-lunion-europeenne","status":"publish","type":"post","link":"https:\/\/ladepeche.mr\/?p=8492","title":{"rendered":"Le Premier ministre pr\u00e9side la r\u00e9union de dialogue p\u00e9riodique avec l\u2019Union europ\u00e9enne"},"content":{"rendered":"<p>Le Premier Ministre, Monsieur Mohamed Ould Bilal Messaoud, a pr\u00e9sid\u00e9, mardi, \u00e0 la primature, la r\u00e9union ordinaire du dialogue politique entre la Mauritanie et l\u2019Union europ\u00e9enne.<\/p>\n<p>La r\u00e9union a discut\u00e9 des moyens de consolider et d\u2019approfondir les relations entre la Mauritanie et l\u2019Union europ\u00e9enne.<\/p>\n<p>Au cours de la r\u00e9union, des sujets d\u2019int\u00e9r\u00eat commun ont \u00e9t\u00e9 examin\u00e9s, notamment le processus d\u00e9mocratique, les scrutins \u00e9lectoraux pour l\u2019ann\u00e9e 2024, ainsi que les perspectives de coop\u00e9ration dans les domaines \u00e9conomique et financier, de l\u2019\u00e9nergie, de la sant\u00e9, des droits de l\u2019homme, de la bonne gouvernance, de la migration et de la p\u00eache et la situation mondiale et r\u00e9gionale a \u00e9t\u00e9 discut\u00e9e.<\/p>\n<p>La r\u00e9union a port\u00e9 \u00e9galement sur les projets financ\u00e9s par l\u2019Union europ\u00e9enne et ses \u00c9tats membres dans notre pays.<\/p>\n<p>Les deux parties ont exprim\u00e9 leur satisfaction quant \u00e0 la qualit\u00e9 des relations mauritano-europ\u00e9ennes, soulignant la n\u00e9cessit\u00e9 de faire progresser le partenariat entre la Mauritanie et l\u2019Union europ\u00e9enne vers davantage de raffermissement et d\u2019efficacit\u00e9.<\/p>\n<p>Les deux parties ont en outre affirm\u00e9 leur engagement \u00e0 poursuivre les consultations r\u00e9guli\u00e8res dans une atmosph\u00e8re caract\u00e9ris\u00e9e par la positivit\u00e9, l\u2019esprit constructif et la compr\u00e9hension mutuelle.<\/p>\n<p>La partie europ\u00e9enne a not\u00e9 avec satisfaction l\u2019acc\u00e8s de la R\u00e9publique islamique de Mauritanie \u00e0 la pr\u00e9sidence de l\u2019Union africaine.<\/p>\n<p>Il convient de noter que ces r\u00e9unions se tiennent p\u00e9riodiquement conform\u00e9ment \u00e0 l\u2019accord de Cotonou qui r\u00e9git les relations entre l\u2019Union europ\u00e9enne et les pays du groupe Afrique, Cara\u00efbes et Pacifique.<\/p>\n<p>Du c\u00f4t\u00e9 mauritanien, ont particip\u00e9 \u00e0 la r\u00e9union les Ministres des Affaires \u00e9trang\u00e8res, de la Coop\u00e9ration et des Mauritaniens de l\u2019Ext\u00e9rieur, de la D\u00e9fense nationale, de l\u2019Int\u00e9rieur et de la D\u00e9centralisation, de l\u2019\u00c9conomie et du D\u00e9veloppement durable, de la Sant\u00e9, du P\u00e9trole, des Mines et de l\u2019\u00c9nergie, de la P\u00eache et de l\u2019\u00c9conomie maritime, la ministre secr\u00e9taire g\u00e9n\u00e9rale du gouvernement, ainsi que le commissaire aux droits de l\u2019homme, \u00e0 l\u2019action humanitaire et aux relations avec la soci\u00e9t\u00e9 civile et la directrice de cabinet du Premier ministre.<\/p>\n<p>La r\u00e9union s\u2019est d\u00e9roul\u00e9e du c\u00f4t\u00e9 europ\u00e9en en pr\u00e9sence de SEM Gwilym Jones, ambassadeur de l\u2019Union europ\u00e9enne, S.E.Mme Isabel H\u00e9nin, ambassadrice d\u2019Allemagne, S.E.Mme. Miriam \u00c1lvarez de la Rosa Rodr\u00edguez , ambassadrice du Royaume d\u2019Espagne, et SEM. Alexandre Garcia, ambassadeur de la R\u00e9publique fran\u00e7aise, accr\u00e9dit\u00e9 en Mauritanie.<br \/>\nAmi<\/p>\n","protected":false},"excerpt":{"rendered":"<p>Le Premier Ministre, Monsieur Mohamed Ould Bilal Messaoud, a pr\u00e9sid\u00e9, mardi, \u00e0 la primature, la r\u00e9union ordinaire du dialogue politique entre la Mauritanie et l\u2019Union europ\u00e9enne. La r\u00e9union a discut\u00e9 des moyens de consolider et d\u2019approfondir les relations entre la Mauritanie et l\u2019Union europ\u00e9enne. Au cours de la r\u00e9union, des sujets d\u2019int\u00e9r\u00eat commun ont \u00e9t\u00e9 &hellip;<\/p>\n","protected":false},"author":2,"featured_media":0,"comment_status":"open","ping_status":"open","sticky":false,"template":"","format":"standard","meta":{"footnotes":""},"categories":[18],"tags":[],"class_list":["post-8492","post","type-post","status-publish","format-standard","hentry","category-actualites"],"_links":{"self":[{"href":"https:\/\/ladepeche.mr\/index.php?rest_route=\/wp\/v2\/posts\/8492","targetHints":{"allow":["GET"]}}],"collection":[{"href":"https:\/\/ladepeche.mr\/index.php?rest_route=\/wp\/v2\/posts"}],"about":[{"href":"https:\/\/ladepeche.mr\/index.php?rest_route=\/wp\/v2\/types\/post"}],"author":[{"embeddable":true,"href":"https:\/\/ladepeche.mr\/index.php?rest_route=\/wp\/v2\/users\/2"}],"replies":[{"embeddable":true,"href":"https:\/\/ladepeche.mr\/index.php?rest_route=%2Fwp%2Fv2%2Fcomments&post=8492"}],"version-history":[{"count":2,"href":"https:\/\/ladepeche.mr\/index.php?rest_route=\/wp\/v2\/posts\/8492\/revisions"}],"predecessor-version":[{"id":8494,"href":"https:\/\/ladepeche.mr\/index.php?rest_route=\/wp\/v2\/posts\/8492\/revisions\/8494"}],"wp:attachment":[{"href":"https:\/\/ladepeche.mr\/index.php?rest_route=%2Fwp%2Fv2%2Fmedia&parent=8492"}],"wp:term":[{"taxonomy":"category","embeddable":true,"href":"https:\/\/ladepeche.mr\/index.php?rest_route=%2Fwp%2Fv2%2Fcategories&post=8492"},{"taxonomy":"post_tag","embeddable":true,"href":"https:\/\/ladepeche.mr\/index.php?rest_route=%2Fwp%2Fv2%2Ftags&post=8492"}],"curies":[{"name":"wp","href":"https:\/\/api.w.org\/{rel}","templated":true}]}}