{"id":8495,"date":"2024-02-20T23:18:48","date_gmt":"2024-02-20T23:18:48","guid":{"rendered":"https:\/\/ladepeche.mr\/?p=8495"},"modified":"2024-02-20T23:22:02","modified_gmt":"2024-02-20T23:22:02","slug":"levee-de-limmunite-parlementaire-et-proces-en-vue-du-depute-bda","status":"publish","type":"post","link":"https:\/\/ladepeche.mr\/?p=8495","title":{"rendered":"Lev\u00e9e de l\u2019immunit\u00e9 parlementaire et proc\u00e8s en vue du d\u00e9put\u00e9 BDA"},"content":{"rendered":"<p>Le d\u00e9put\u00e9 Biram DAH Abeid a vu son immunit\u00e9 parlementaire lev\u00e9e suite \u00e0 une plainte pour diffamation contre lui introduite par le pr\u00e9sident de l\u2019UFP, MOHAMED Ould Maouloud.<br \/>\nInterrog\u00e9 sur ce d\u00e9veloppement par des confr\u00e8res, BDA a estim\u00e9 que l\u2019affaire serait une manipulation contre lui du Pouvoir en place et o\u00f9 l\u2019UFP jouerait la mauvaise partition.<br \/>\nBiram DAH Abeid avait pr\u00e9tendu que le pr\u00e9sident de l\u2019UFP aurait re\u00e7u des fonds de l\u2019homme d\u2019affaires, MOHAMED Ould Bouamattou lors de la derni\u00e8re \u00e9lection pr\u00e9sidentielle.<br \/>\nDes all\u00e9gations consid\u00e9r\u00e9es par le pr\u00e9sident de l\u2019UFP comme calomnieuses et diffamatoires.<\/p>\n","protected":false},"excerpt":{"rendered":"<p>Le d\u00e9put\u00e9 Biram DAH Abeid a vu son immunit\u00e9 parlementaire lev\u00e9e suite \u00e0 une plainte pour diffamation contre lui introduite par le pr\u00e9sident de l\u2019UFP, MOHAMED Ould Maouloud. Interrog\u00e9 sur ce d\u00e9veloppement par des confr\u00e8res, BDA a estim\u00e9 que l\u2019affaire serait une manipulation contre lui du Pouvoir en place et o\u00f9 l\u2019UFP jouerait la mauvaise &hellip;<\/p>\n","protected":false},"author":2,"featured_media":0,"comment_status":"open","ping_status":"open","sticky":false,"template":"","format":"standard","meta":{"footnotes":""},"categories":[18],"tags":[],"class_list":["post-8495","post","type-post","status-publish","format-standard","hentry","category-actualites"],"_links":{"self":[{"href":"https:\/\/ladepeche.mr\/index.php?rest_route=\/wp\/v2\/posts\/8495","targetHints":{"allow":["GET"]}}],"collection":[{"href":"https:\/\/ladepeche.mr\/index.php?rest_route=\/wp\/v2\/posts"}],"about":[{"href":"https:\/\/ladepeche.mr\/index.php?rest_route=\/wp\/v2\/types\/post"}],"author":[{"embeddable":true,"href":"https:\/\/ladepeche.mr\/index.php?rest_route=\/wp\/v2\/users\/2"}],"replies":[{"embeddable":true,"href":"https:\/\/ladepeche.mr\/index.php?rest_route=%2Fwp%2Fv2%2Fcomments&post=8495"}],"version-history":[{"count":4,"href":"https:\/\/ladepeche.mr\/index.php?rest_route=\/wp\/v2\/posts\/8495\/revisions"}],"predecessor-version":[{"id":8499,"href":"https:\/\/ladepeche.mr\/index.php?rest_route=\/wp\/v2\/posts\/8495\/revisions\/8499"}],"wp:attachment":[{"href":"https:\/\/ladepeche.mr\/index.php?rest_route=%2Fwp%2Fv2%2Fmedia&parent=8495"}],"wp:term":[{"taxonomy":"category","embeddable":true,"href":"https:\/\/ladepeche.mr\/index.php?rest_route=%2Fwp%2Fv2%2Fcategories&post=8495"},{"taxonomy":"post_tag","embeddable":true,"href":"https:\/\/ladepeche.mr\/index.php?rest_route=%2Fwp%2Fv2%2Ftags&post=8495"}],"curies":[{"name":"wp","href":"https:\/\/api.w.org\/{rel}","templated":true}]}}