{"id":8500,"date":"2024-02-21T10:50:11","date_gmt":"2024-02-21T10:50:11","guid":{"rendered":"https:\/\/ladepeche.mr\/?p=8500"},"modified":"2024-02-21T10:50:11","modified_gmt":"2024-02-21T10:50:11","slug":"cessez-le-feu-a-gaza-nouveau-veto-americain-au-conseil-de-securite-de-lonu","status":"publish","type":"post","link":"https:\/\/ladepeche.mr\/?p=8500","title":{"rendered":"Cessez-le-feu \u00e0 Gaza : nouveau veto am\u00e9ricain au Conseil de s\u00e9curit\u00e9 de l&#8217;ONU"},"content":{"rendered":"<p>Le projet de r\u00e9solution, qui exigeait &#8220;un cessez-le-feu humanitaire imm\u00e9diat qui doit \u00eatre respect\u00e9 par toutes les parties&#8221;, a recueilli 13 voix pour, une abstention (Royaume-Uni) et une contre, le troisi\u00e8me veto am\u00e9ricain depuis le d\u00e9but de la guerre entre Isra\u00ebl et le Hamas.<\/p>\n<p>Malgr\u00e9 la pression internationale pour att\u00e9nuer leur soutien \u00e0 Isra\u00ebl, les Etats-Unis ont de nouveau emp\u00each\u00e9, mardi 20 f\u00e9vrier, le Conseil de s\u00e9curit\u00e9 de l&#8217;ONU d&#8217;exiger un cessez-le-feu &#8220;imm\u00e9diat&#8221; \u00e0 Gaza. Le projet de r\u00e9solution a recueilli 13 voix pour, une abstention (Royaume-Uni) et une contre. Il s&#8217;agit du troisi\u00e8me veto am\u00e9ricain depuis le d\u00e9but de la guerre entre Isra\u00ebl et le Hamas.<\/p>\n<p>&#8220;Le message envoy\u00e9 aujourd&#8217;hui aux Isra\u00e9liens par ce veto est qu&#8217;ils peuvent continuer \u00e0 faire n&#8217;importe quoi en toute impunit\u00e9&#8221;, a fustig\u00e9 l&#8217;ambassadeur palestinien Riyad Mansour. Ce dernier a d\u00e9nonc\u00e9 un veto &#8220;irresponsable et dangereux&#8221; fournissant encore un &#8220;bouclier&#8221; \u00e0 Isra\u00ebl.<\/p>\n<p>&#8220;Les op\u00e9rations isra\u00e9liennes doivent cesser&#8221;<br \/>\n&#8220;Les erreurs d&#8217;aujourd&#8217;hui auront un prix pour notre r\u00e9gion et notre monde demain (&#8230;) Comment l&#8217;histoire vous jugera-t-elle ?&#8221;, a de son c\u00f4t\u00e9 lanc\u00e9 l&#8217;ambassadeur alg\u00e9rien Amar Bendjama, qui a travaill\u00e9 sur ce texte. Le projet alg\u00e9rien s&#8217;opposait aussi au &#8220;d\u00e9placement forc\u00e9 de la population civile palestinienne&#8221;, alors qu&#8217;Isra\u00ebl a \u00e9voqu\u00e9 une \u00e9vacuation des civils avant une offensive terrestre \u00e0 Rafah o\u00f9 s&#8217;entassent 1,4 million de personnes dans le sud de la bande de Gaza.<\/p>\n<p>La Russie et la Chine ont d\u00e9nonc\u00e9 le veto am\u00e9ricain. &#8220;Le bilan humain et la situation humanitaire \u00e0 Gaza sont intol\u00e9rables et les op\u00e9rations isra\u00e9liennes doivent cesser&#8221;, a martel\u00e9 de son c\u00f4t\u00e9 l&#8217;ambassadeur fran\u00e7ais Nicolas de Rivi\u00e8re.<br \/>\nhttps:\/\/www.francetvinfo.fr\/monde\/proche-orient\/israel-palestine\/cessez-le-feu-a-gaza-nouveau-veto-americain-au-conseil-de-securite-de-l-onu_6379252.html<\/p>\n","protected":false},"excerpt":{"rendered":"<p>Le projet de r\u00e9solution, qui exigeait &#8220;un cessez-le-feu humanitaire imm\u00e9diat qui doit \u00eatre respect\u00e9 par toutes les parties&#8221;, a recueilli 13 voix pour, une abstention (Royaume-Uni) et une contre, le troisi\u00e8me veto am\u00e9ricain depuis le d\u00e9but de la guerre entre Isra\u00ebl et le Hamas. Malgr\u00e9 la pression internationale pour att\u00e9nuer leur soutien \u00e0 Isra\u00ebl, les &hellip;<\/p>\n","protected":false},"author":2,"featured_media":8501,"comment_status":"open","ping_status":"open","sticky":false,"template":"","format":"standard","meta":{"footnotes":""},"categories":[18,29],"tags":[],"class_list":["post-8500","post","type-post","status-publish","format-standard","has-post-thumbnail","hentry","category-actualites","category-monde"],"_links":{"self":[{"href":"https:\/\/ladepeche.mr\/index.php?rest_route=\/wp\/v2\/posts\/8500","targetHints":{"allow":["GET"]}}],"collection":[{"href":"https:\/\/ladepeche.mr\/index.php?rest_route=\/wp\/v2\/posts"}],"about":[{"href":"https:\/\/ladepeche.mr\/index.php?rest_route=\/wp\/v2\/types\/post"}],"author":[{"embeddable":true,"href":"https:\/\/ladepeche.mr\/index.php?rest_route=\/wp\/v2\/users\/2"}],"replies":[{"embeddable":true,"href":"https:\/\/ladepeche.mr\/index.php?rest_route=%2Fwp%2Fv2%2Fcomments&post=8500"}],"version-history":[{"count":1,"href":"https:\/\/ladepeche.mr\/index.php?rest_route=\/wp\/v2\/posts\/8500\/revisions"}],"predecessor-version":[{"id":8502,"href":"https:\/\/ladepeche.mr\/index.php?rest_route=\/wp\/v2\/posts\/8500\/revisions\/8502"}],"wp:featuredmedia":[{"embeddable":true,"href":"https:\/\/ladepeche.mr\/index.php?rest_route=\/wp\/v2\/media\/8501"}],"wp:attachment":[{"href":"https:\/\/ladepeche.mr\/index.php?rest_route=%2Fwp%2Fv2%2Fmedia&parent=8500"}],"wp:term":[{"taxonomy":"category","embeddable":true,"href":"https:\/\/ladepeche.mr\/index.php?rest_route=%2Fwp%2Fv2%2Fcategories&post=8500"},{"taxonomy":"post_tag","embeddable":true,"href":"https:\/\/ladepeche.mr\/index.php?rest_route=%2Fwp%2Fv2%2Ftags&post=8500"}],"curies":[{"name":"wp","href":"https:\/\/api.w.org\/{rel}","templated":true}]}}