{"id":8509,"date":"2024-02-21T15:28:47","date_gmt":"2024-02-21T15:28:47","guid":{"rendered":"https:\/\/ladepeche.mr\/?p=8509"},"modified":"2024-02-22T15:26:40","modified_gmt":"2024-02-22T15:26:40","slug":"index-democratique-dans-le-monde-quand-les-vieilles-democraties-donnent-le-mauvais-exemple-humeur","status":"publish","type":"post","link":"https:\/\/ladepeche.mr\/?p=8509","title":{"rendered":"Index d\u00e9mocratique dans le monde: Quand les vieilles d\u00e9mocraties donnent le mauvais exemple (humeur)"},"content":{"rendered":"<p>Nous n\u2019avions certainement pas besoin de la publication en f\u00e9vrier 2024 de l\u2019indice de d\u00e9mocratie dans le monde pour se rendre \u00e0 l\u2019\u00e9vidence que les progr\u00e8s humains politiques et culturels ont connu un net recul, ces derniers temps. La faute n\u2019incombe pas toujours aux gouvernements dits \u00abtotalitaires\u00bb. Cette perception est aussi indissociable du r\u00f4le jou\u00e9 par les \u00ab \u00e9coles \u00bb d\u00e9mocratiques notamment en Occident. Ce dernier symbolisait au regard de beaucoup d\u2019adeptes LE GARANT des principes et valeurs universelles PARTAGEES.<br \/>\nLe principal renseignement tir\u00e9 de la derni\u00e8re \u00e9tude corrobore la d\u00e9rive des puissances d\u00e9mocratiques qui, sans doute, exer\u00e7aient un puissant attachement de par les vertus d\u00e9mocratiques et leur promotion dans le reste du monde.<br \/>\nLa violence politique int\u00e9rieure (derni\u00e8re \u00e9lection US), la corruption de la classe politique partout ailleurs, les guerres et la concurrence \u00e9conomique effr\u00e9n\u00e9e ainsi que la flamb\u00e9e de l\u2019extr\u00eame droite triomphante dans les d\u00e9mocraties lib\u00e9rales conduisent le monde vers une perte certaine. Un monde o\u00f9 pour se prouver d\u2019exister les hommes vont devoir se phagocyter les uns, les autres.<br \/>\nQuelle que soit la cat\u00e9gorie et les crit\u00e8res utilis\u00e9s, les r\u00e9gimes politiques se valent d\u00e9sormais tous. Seules diff\u00e8rent entre eux les capacit\u00e9s \u00e9conomiques et les moyens modernes de communication.<br \/>\nNous l\u2019avons v\u00e9cu \u00e0 Gaza, au nom d\u2019un racisme gr\u00e9gaire, les plus vieilles d\u00e9mocraties donnent toute la dimension de leur d\u00e9pravation politique en participant directement ou en soutenant le massacre de milliers d\u2019enfants et de femmes innocents, compt\u00e9s juste comme des victimes collat\u00e9rales dans un ordre mondial, sans rep\u00e8re o\u00f9 l\u2019Administration du plus d\u00e9mocratique des pays, qui subjuguait le monde, se d\u00e9pense sans compter pour assurer l\u2019impunit\u00e9 d\u2019assassins et massacreurs d\u2019enfants. Les attaques horribles et meurtri\u00e8res contre les civils palestiniens broy\u00e9s par l\u2019armada isra\u00e9lienne arm\u00e9e, financ\u00e9e et appuy\u00e9e par les plus vieilles d\u00e9mocraties offrent au reste du monde l\u2019image d\u2019une humanit\u00e9 en d\u00e9composition avanc\u00e9e.<br \/>\nDifficile de pr\u00e9voir ce qui en adviendra, dans quelques mois, voire quelques ann\u00e9es, mais \u00e0 moins de se ressaisir, aucune pr\u00e9tention d\u00e9mocratique ne galvaniserait plus les hommes. Ce sera la fin de la fin. Le compte \u00e0 rebours est sans doute d\u00e9j\u00e0 lanc\u00e9.<br \/>\nJD<\/p>\n","protected":false},"excerpt":{"rendered":"<p>Nous n\u2019avions certainement pas besoin de la publication en f\u00e9vrier 2024 de l\u2019indice de d\u00e9mocratie dans le monde pour se rendre \u00e0 l\u2019\u00e9vidence que les progr\u00e8s humains politiques et culturels ont connu un net recul, ces derniers temps. La faute n\u2019incombe pas toujours aux gouvernements dits \u00abtotalitaires\u00bb. Cette perception est aussi indissociable du r\u00f4le jou\u00e9 &hellip;<\/p>\n","protected":false},"author":2,"featured_media":0,"comment_status":"open","ping_status":"open","sticky":false,"template":"","format":"standard","meta":{"footnotes":""},"categories":[18],"tags":[],"class_list":["post-8509","post","type-post","status-publish","format-standard","hentry","category-actualites"],"_links":{"self":[{"href":"https:\/\/ladepeche.mr\/index.php?rest_route=\/wp\/v2\/posts\/8509","targetHints":{"allow":["GET"]}}],"collection":[{"href":"https:\/\/ladepeche.mr\/index.php?rest_route=\/wp\/v2\/posts"}],"about":[{"href":"https:\/\/ladepeche.mr\/index.php?rest_route=\/wp\/v2\/types\/post"}],"author":[{"embeddable":true,"href":"https:\/\/ladepeche.mr\/index.php?rest_route=\/wp\/v2\/users\/2"}],"replies":[{"embeddable":true,"href":"https:\/\/ladepeche.mr\/index.php?rest_route=%2Fwp%2Fv2%2Fcomments&post=8509"}],"version-history":[{"count":8,"href":"https:\/\/ladepeche.mr\/index.php?rest_route=\/wp\/v2\/posts\/8509\/revisions"}],"predecessor-version":[{"id":8540,"href":"https:\/\/ladepeche.mr\/index.php?rest_route=\/wp\/v2\/posts\/8509\/revisions\/8540"}],"wp:attachment":[{"href":"https:\/\/ladepeche.mr\/index.php?rest_route=%2Fwp%2Fv2%2Fmedia&parent=8509"}],"wp:term":[{"taxonomy":"category","embeddable":true,"href":"https:\/\/ladepeche.mr\/index.php?rest_route=%2Fwp%2Fv2%2Fcategories&post=8509"},{"taxonomy":"post_tag","embeddable":true,"href":"https:\/\/ladepeche.mr\/index.php?rest_route=%2Fwp%2Fv2%2Ftags&post=8509"}],"curies":[{"name":"wp","href":"https:\/\/api.w.org\/{rel}","templated":true}]}}