{"id":8519,"date":"2024-02-22T12:24:56","date_gmt":"2024-02-22T12:24:56","guid":{"rendered":"https:\/\/ladepeche.mr\/?p=8519"},"modified":"2024-02-22T12:24:56","modified_gmt":"2024-02-22T12:24:56","slug":"interconnexion-electrique-en-225-kv-mauritanie-mali-et-electrification-de-150-localites-riveraines","status":"publish","type":"post","link":"https:\/\/ladepeche.mr\/?p=8519","title":{"rendered":"Interconnexion \u00c9lectrique en 225 KV Mauritanie \u2013Mali et \u00e9lectrification de 150 localit\u00e9s riveraines"},"content":{"rendered":"<p>Le Conseil des ministres s\u2019est r\u00e9uni le mercredi, 21 f\u00e9vrier 2024, sous la Pr\u00e9sidence de Son Excellence Monsieur le Pr\u00e9sident de la R\u00e9publique, Mohamed Ould Cheikh El Ghazouani.<br \/>\nLe Conseil a examin\u00e9 et approuv\u00e9 le projet de loi autorisant la ratification de l\u2019Accord de pr\u00eat, sign\u00e9 le 24 janvier 2024 entre le Gouvernement de la R\u00e9publique Islamique de Mauritanie et le Fonds Africain de D\u00e9veloppement (FAD), destin\u00e9 au financement du Projet d\u2019Interconnexion Electrique en 225 KV Mauritanie \u2013Mali et de d\u00e9veloppement de centrales solaires associ\u00e9es (PIEMM).<br \/>\nLe projet consiste en la construction d\u2019infrastructures \u00e9lectriques, notamment une ligne \u00e0 haute tension de transport \u00e9lectrique (225 kilovolts), d\u2019une longueur de 1.373 km et d\u2019une capacit\u00e9 de transit de 600 m\u00e9gawatts entre le Mali et la Mauritanie.<br \/>\nDe m\u00eame, il permettra la construction d\u2019une douzaine de postes associ\u00e9s, le d\u00e9veloppement de centrales solaires, dont une \u00e0 Kiffa de 50 m\u00e9gawatts, ainsi que le d\u00e9ploiement de r\u00e9seaux MT\/BT le long du couloir de la ligne.<br \/>\nSoutenant le d\u00e9veloppement des volets Gas-to Power et hydro\u00e9lectricit\u00e9, ce projet permettra \u00e9galement :<br \/>\n\u2010 L\u2019\u00e9lectrification de 150 localit\u00e9s riveraines de la ligne 225 kilovolts avec l\u2019\u00e9clairage public des rues ; et<br \/>\n\u2010 La r\u00e9alisation de 80.000 branchements avec compteurs intelligents \u00e0 pr\u00e9paiement dans les localit\u00e9s travers\u00e9es.<br \/>\nLe montant de ce pr\u00eat s\u2019\u00e9l\u00e8ve \u00e0 202.700.000 unit\u00e9s de compte, soit l\u2019\u00e9quivalent de 10,6 milliards MRU.<br \/>\nLe Conseil a \u00e9galement examin\u00e9 et adopt\u00e9 les projets de d\u00e9crets suivants :<br \/>\n\u2010 Projet de d\u00e9cret portant nomination du Pr\u00e9sident et des membres du Conseil d\u2019Administration de l\u2019Agence Judiciaire de l\u2019\u00c9tat (AJE) ;<br \/>\n\u2010 Projet de d\u00e9cret portant nomination du Pr\u00e9sident du Conseil d\u2019Administration du Centre Hospitalier de S\u00e9libaby ;<br \/>\n\u2010 Projet de d\u00e9cret portant nomination des membres du Conseil d\u2019Administration du Centre Hospitalier d\u2019Aioun ;<br \/>\n\u2010 Projet de d\u00e9cret portant nomination des membres du Conseil d\u2019Administration du Centre Hospitalier K\u00e9adi ;<br \/>\n\u2010 Projet de d\u00e9cret portant nomination des membres du Conseil d\u2019Administration du Centre Hospitalier de Bogu\u00e9 ;<br \/>\n\u2010 Projet de d\u00e9cret portant nomination des membres du Conseil d\u2019Administration du Centre Hospitalier de Rosso ;<br \/>\n\u2010 Projet de d\u00e9cret portant nomination des membres du Conseil d\u2019Administration du Centre Hospitalier de Nouadhibou ;<br \/>\n\u2010 Projet de d\u00e9cret portant nomination des membres du Conseil d\u2019Administration de l\u2019Agence Nationale de Recherches G\u00e9ologiques et du Patrimoine Minier (ANARPAM).<br \/>\nLe ministre des Affaires \u00c9trang\u00e8res, de la Coop\u00e9ration et des Mauritaniens de l\u2019Ext\u00e9rieur a pr\u00e9sent\u00e9 une communication relative \u00e0 la situation internationale.<br \/>\nLe ministre de l\u2019Int\u00e9rieur et de la D\u00e9centralisation a pr\u00e9sent\u00e9 une communication relative \u00e0 la situation int\u00e9rieure.<br \/>\nLe ministre de l\u2019\u00c9levage a pr\u00e9sent\u00e9 une communication relative \u00e0 la situation pastorale et \u00e0 l\u2019estimation des besoins pour un plan d\u2019assistance au cheptel.<br \/>\nCette communication vise \u00e0 \u00e9laborer un plan d\u2019assistance \u00e0 l\u2019\u00e9levage au cours des prochains mois, qui repose sur deux volets fondamentaux :<br \/>\n\u2010 L\u2019acquisition, le transport et la vente \u00e0 des prix subventionn\u00e9s d\u2019un stock suffisant d\u2019aliments pour b\u00e9tail. L\u2019objectif de cette intervention est de couvrir, d\u2019une part, des besoins en aliment de 20% du b\u00e9tail, et d\u2019autre part, plus de 4.000.000 de t\u00eates de b\u00e9tail de toutes esp\u00e8ces, particuli\u00e8rement jeunes.<br \/>\n\u2010 L\u2019organisation d\u2019une large intervention v\u00e9t\u00e9rinaire dans les zones de concentration animale. Ce volet vise la sauvegarde de l\u2019\u00e9tat sanitaire du cheptel, \u00e0 travers la vaccination, la pr\u00e9vention et le traitement contre les maladies, en couvrant un cheptel estim\u00e9 \u00e0 2.947.000 t\u00eates, toutes esp\u00e8ces confondues. Le co\u00fbt estimatif de ce volet est de l\u2019ordre de 30.000.000 MRU, dont 25.000.000 MRU pour l\u2019acquisition des m\u00e9dicaments.<br \/>\nLe ministre de l\u2019Habitat, de l\u2019Urbanisme et de l\u2019Am\u00e9nagement du Territoire a pr\u00e9sent\u00e9 une communication relative au processus d\u2019\u00e9laboration du Sch\u00e9ma National d\u2019Am\u00e9nagement du Territoire (SNAT).<br \/>\nCette communication vise la planification strat\u00e9gique et la coordination des politiques de croissance, en particulier les aspects li\u00e9s \u00e0 la justice territoriale, \u00e0 l\u2019am\u00e9lioration des ressources, au d\u00e9veloppement des infrastructures et \u00e0 la protection de l\u2019environnement, ainsi qu\u2019\u00e0 la gestion des risques et \u00e0 l\u2019am\u00e9lioration de la qualit\u00e9 de la vie r\u00e9sidentielle.<\/p>\n<p>Ami<\/p>\n","protected":false},"excerpt":{"rendered":"<p>Le Conseil des ministres s\u2019est r\u00e9uni le mercredi, 21 f\u00e9vrier 2024, sous la Pr\u00e9sidence de Son Excellence Monsieur le Pr\u00e9sident de la R\u00e9publique, Mohamed Ould Cheikh El Ghazouani. Le Conseil a examin\u00e9 et approuv\u00e9 le projet de loi autorisant la ratification de l\u2019Accord de pr\u00eat, sign\u00e9 le 24 janvier 2024 entre le Gouvernement de la &hellip;<\/p>\n","protected":false},"author":2,"featured_media":8520,"comment_status":"open","ping_status":"open","sticky":false,"template":"","format":"standard","meta":{"footnotes":""},"categories":[18,2],"tags":[],"class_list":["post-8519","post","type-post","status-publish","format-standard","has-post-thumbnail","hentry","category-actualites","category-economie"],"_links":{"self":[{"href":"https:\/\/ladepeche.mr\/index.php?rest_route=\/wp\/v2\/posts\/8519","targetHints":{"allow":["GET"]}}],"collection":[{"href":"https:\/\/ladepeche.mr\/index.php?rest_route=\/wp\/v2\/posts"}],"about":[{"href":"https:\/\/ladepeche.mr\/index.php?rest_route=\/wp\/v2\/types\/post"}],"author":[{"embeddable":true,"href":"https:\/\/ladepeche.mr\/index.php?rest_route=\/wp\/v2\/users\/2"}],"replies":[{"embeddable":true,"href":"https:\/\/ladepeche.mr\/index.php?rest_route=%2Fwp%2Fv2%2Fcomments&post=8519"}],"version-history":[{"count":1,"href":"https:\/\/ladepeche.mr\/index.php?rest_route=\/wp\/v2\/posts\/8519\/revisions"}],"predecessor-version":[{"id":8521,"href":"https:\/\/ladepeche.mr\/index.php?rest_route=\/wp\/v2\/posts\/8519\/revisions\/8521"}],"wp:featuredmedia":[{"embeddable":true,"href":"https:\/\/ladepeche.mr\/index.php?rest_route=\/wp\/v2\/media\/8520"}],"wp:attachment":[{"href":"https:\/\/ladepeche.mr\/index.php?rest_route=%2Fwp%2Fv2%2Fmedia&parent=8519"}],"wp:term":[{"taxonomy":"category","embeddable":true,"href":"https:\/\/ladepeche.mr\/index.php?rest_route=%2Fwp%2Fv2%2Fcategories&post=8519"},{"taxonomy":"post_tag","embeddable":true,"href":"https:\/\/ladepeche.mr\/index.php?rest_route=%2Fwp%2Fv2%2Ftags&post=8519"}],"curies":[{"name":"wp","href":"https:\/\/api.w.org\/{rel}","templated":true}]}}