{"id":8522,"date":"2024-02-22T12:29:28","date_gmt":"2024-02-22T12:29:28","guid":{"rendered":"https:\/\/ladepeche.mr\/?p=8522"},"modified":"2024-02-22T12:29:28","modified_gmt":"2024-02-22T12:29:28","slug":"maroc-espagne-sanchez-reitere-au-monarque-la-position-de-madrid-sur-la-question-du-sahara","status":"publish","type":"post","link":"https:\/\/ladepeche.mr\/?p=8522","title":{"rendered":"MAROC-Espagne: Sanchez r\u00e9it\u00e8re au monarque la position de Madrid sur la question du Sahara"},"content":{"rendered":"<p>Sa Majest\u00e9 le Roi Mohammed VI a re\u00e7u, le 21 f\u00e9vrier 2024, \u00e0 Rabat SEM Pedro Sanchez, Pr\u00e9sident du Gouvernement du Royaume d\u2019Espagne, dans le cadre de sa visite de travail au Maroc.<\/p>\n<p>Selon un communiqu\u00e9 du Cabinet Royal, cette visite s\u2019inscrit dans la continuit\u00e9 de la nouvelle phase des relations bilat\u00e9rales, entam\u00e9e depuis la rencontre entre le Roi et le pr\u00e9sident du gouvernement espagnol, en avril 2022, et l\u2019adoption, \u00e0 cette occasion, de la D\u00e9claration conjointe entre les deux pays.<\/p>\n<p>Le communiqu\u00e9 poursuit que cette \u2018\u2019 nouvelle dynamique se d\u00e9ploie de mani\u00e8re satisfaisante. Elle est marqu\u00e9e par le renforcement de la coop\u00e9ration, de la coordination et du partenariat dans tous les domaines, sur la base des principes de la confiance, du respect mutuel, de l\u2019ambition, du bon voisinage et du respect des engagements\u2019\u2019.<\/p>\n<p>\u00c0 l\u2019occasion de cette audience, le Pr\u00e9sident du Gouvernement Espagnol a r\u00e9it\u00e9r\u00e9 au Roi, la position de l\u2019Espagne, contenue dans la d\u00e9claration conjointe d\u2019avril 2022, consid\u00e9rant l\u2019initiative marocaine d\u2019autonomie comme la base la plus s\u00e9rieuse, r\u00e9aliste et cr\u00e9dible pour la r\u00e9solution de ce diff\u00e9rend, poursuit la m\u00eame source. Sa Majest\u00e9 Mohammed VI a remerci\u00e9 l\u2019Espagne pour cette nouvelle position constructive et importante, est-il ajout\u00e9.<\/p>\n<p>Le Roi Mohammed VI et Pedro Sanchez ont soulign\u00e9 \u2018\u2019 les perspectives uniques de coop\u00e9ration qui s\u2019ouvrent aux deux pays voisins. L\u2019organisation conjointe &#8211; avec le Portugal &#8211; de la Coupe du Monde de football 2030, constitue un levier suppl\u00e9mentaire de renforcement des relations bilat\u00e9rales\u2019\u2019.<\/p>\n<p>Par ailleurs, le Pr\u00e9sident du Gouvernement Espagnol a \u2018\u2019 salu\u00e9 et marqu\u00e9 l\u2019int\u00e9r\u00eat de l\u2019Espagne pour les initiatives strat\u00e9giques\u2019\u2019 lanc\u00e9es par le Roi du Maroc, notamment \u2018\u2019 l\u2019Initiative des pays africains riverains de l\u2019Atlantique, l\u2019Initiative Royale pour favoriser l\u2019acc\u00e8s des pays du Sahel \u00e0 l\u2019Oc\u00e9an Atlantique, ainsi que le Gazoduc Africain-Atlantique Nig\u00e9ria-Maroc\u2019\u2019, est-il pr\u00e9cis\u00e9.<\/p>\n<p>Ayant assist\u00e9 \u00e0 cette audience du c\u00f4t\u00e9 espagnol, Jos\u00e9 Manuel Albares, ministre des Affaires \u00e9trang\u00e8res, de l&#8217;Union Europ\u00e9enne et de la Coop\u00e9ration, Emma Aparici, Secr\u00e9taire G\u00e9n\u00e9rale des Affaires Etrang\u00e8res \u00e0 la Pr\u00e9sidence du gouvernement, et du c\u00f4t\u00e9 marocain, Fouad Ali El Himma, Conseiller du Roi et Nasser Bourita, ministre des Affaires Etrang\u00e8res, de la Coop\u00e9ration Africaine et des Marocains r\u00e9sidant \u00e0 l\u2019\u00e9tranger.<\/p>\n<p>A son arriv\u00e9e au Palais Royal, le Pr\u00e9sident du Gouvernement Espagnol a pass\u00e9 en revue un d\u00e9tachement de la Garde Royale qui rendait les honneurs, avant d&#8217;\u00eatre convi\u00e9 \u00e0 la traditionnelle c\u00e9r\u00e9monie d&#8217;offrande de lait et de dattes, conclut le communiqu\u00e9.<br \/>\nMAP<\/p>\n","protected":false},"excerpt":{"rendered":"<p>Sa Majest\u00e9 le Roi Mohammed VI a re\u00e7u, le 21 f\u00e9vrier 2024, \u00e0 Rabat SEM Pedro Sanchez, Pr\u00e9sident du Gouvernement du Royaume d\u2019Espagne, dans le cadre de sa visite de travail au Maroc. Selon un communiqu\u00e9 du Cabinet Royal, cette visite s\u2019inscrit dans la continuit\u00e9 de la nouvelle phase des relations bilat\u00e9rales, entam\u00e9e depuis la &hellip;<\/p>\n","protected":false},"author":2,"featured_media":8523,"comment_status":"open","ping_status":"open","sticky":false,"template":"","format":"standard","meta":{"footnotes":""},"categories":[18,29],"tags":[],"class_list":["post-8522","post","type-post","status-publish","format-standard","has-post-thumbnail","hentry","category-actualites","category-monde"],"_links":{"self":[{"href":"https:\/\/ladepeche.mr\/index.php?rest_route=\/wp\/v2\/posts\/8522","targetHints":{"allow":["GET"]}}],"collection":[{"href":"https:\/\/ladepeche.mr\/index.php?rest_route=\/wp\/v2\/posts"}],"about":[{"href":"https:\/\/ladepeche.mr\/index.php?rest_route=\/wp\/v2\/types\/post"}],"author":[{"embeddable":true,"href":"https:\/\/ladepeche.mr\/index.php?rest_route=\/wp\/v2\/users\/2"}],"replies":[{"embeddable":true,"href":"https:\/\/ladepeche.mr\/index.php?rest_route=%2Fwp%2Fv2%2Fcomments&post=8522"}],"version-history":[{"count":1,"href":"https:\/\/ladepeche.mr\/index.php?rest_route=\/wp\/v2\/posts\/8522\/revisions"}],"predecessor-version":[{"id":8524,"href":"https:\/\/ladepeche.mr\/index.php?rest_route=\/wp\/v2\/posts\/8522\/revisions\/8524"}],"wp:featuredmedia":[{"embeddable":true,"href":"https:\/\/ladepeche.mr\/index.php?rest_route=\/wp\/v2\/media\/8523"}],"wp:attachment":[{"href":"https:\/\/ladepeche.mr\/index.php?rest_route=%2Fwp%2Fv2%2Fmedia&parent=8522"}],"wp:term":[{"taxonomy":"category","embeddable":true,"href":"https:\/\/ladepeche.mr\/index.php?rest_route=%2Fwp%2Fv2%2Fcategories&post=8522"},{"taxonomy":"post_tag","embeddable":true,"href":"https:\/\/ladepeche.mr\/index.php?rest_route=%2Fwp%2Fv2%2Ftags&post=8522"}],"curies":[{"name":"wp","href":"https:\/\/api.w.org\/{rel}","templated":true}]}}