{"id":8525,"date":"2024-02-22T12:32:11","date_gmt":"2024-02-22T12:32:11","guid":{"rendered":"https:\/\/ladepeche.mr\/?p=8525"},"modified":"2024-02-22T12:32:11","modified_gmt":"2024-02-22T12:32:11","slug":"le-president-de-la-republique-se-rend-en-algerie-en-visite-damitie-et-de-travail","status":"publish","type":"post","link":"https:\/\/ladepeche.mr\/?p=8525","title":{"rendered":"Le Pr\u00e9sident de la R\u00e9publique se rend en Alg\u00e9rie en visite d\u2019amiti\u00e9 et de travail"},"content":{"rendered":"<p>Son Excellence le Pr\u00e9sident de la R\u00e9publique, Monsieur Mohamed Ould Cheikh El Ghazouani, a quitt\u00e9 Nouakchott ce jeudi matin, \u00e0 destination de Tindouf, dans le cadre d\u2019une visite d\u2019amiti\u00e9 et de travail en R\u00e9publique Alg\u00e9rienne D\u00e9mocratique et Populaire.<br \/>\nSon Excellence a \u00e9t\u00e9 salu\u00e9 \u00e0 son d\u00e9part de l\u2019a\u00e9roport international de Nouakchott, Oum-Tounsi, par le Premier ministre, M. Mohamed Ould Bilal Messoud, le ministre conseiller \u00e0 la Pr\u00e9sidence de la R\u00e9publique, des membres du gouvernement, le chef d\u2019\u00e9tat-major particulier du Pr\u00e9sident de la R\u00e9publique, la directrice adjointe du cabinet du Pr\u00e9sident de la R\u00e9publique, le wali de Nouakchott-Ouest et la vice-pr\u00e9sidente de la r\u00e9gion de Nouakchott.<br \/>\nAu cours de ce voyage, Son Excellence le Pr\u00e9sident de la R\u00e9publique est accompagn\u00e9 d\u2019une importante d\u00e9l\u00e9gation qui comprend :<br \/>\n\u2013 Mokhtar Ould Diay, ministre charg\u00e9 du cabinet du Pr\u00e9sident de la R\u00e9publique ;<br \/>\n\u2013 Mohamed Ahmed Ould Mohamed Lemine, ministre de l\u2019Int\u00e9rieur et de la D\u00e9centralisation ;<br \/>\n\u2013 Lemrabott Ould Bennahi, ministre du Commerce, de l\u2019Industrie, de l\u2019Artisanat et du Tourisme ;<br \/>\n\u2013 Mohamed Ali Ould Sidi Mohamed, ministre de l\u2019Equipement et des Transports ;<br \/>\n\u2013 Sidi Mohamed Ould Mohamed Abdallahi, ambassadeur de Mauritanie en Alg\u00e9rie,<br \/>\n\u2013 le g\u00e9n\u00e9ral Abdallahi Ahmed Aicha, chef d\u2019\u00e9tat-major de la Gendarmerie nationale ;<br \/>\n\u2013 l\u2019inspecteur principal Hamdouh Ould Cheikh Abdallahi, directeur g\u00e9n\u00e9ral des Douanes ;<br \/>\n\u2013 Ahmed Ould Nenny, conseiller \u00e0 la Pr\u00e9sidence de la R\u00e9publique ;<br \/>\n\u2013 Mohamed Mahmoud Ould Ematt, conseiller \u00e0 la Pr\u00e9sidence de la R\u00e9publique ;<br \/>\n\u2013 Mohamedou Ould Mheimid, conseiller \u00e0 la Pr\u00e9sidence de la R\u00e9publique ;<br \/>\n\u2013 El-Hacen Ould Ahmed, directeur g\u00e9n\u00e9ral du Protocole d\u2019Etat<br \/>\nAmi<\/p>\n","protected":false},"excerpt":{"rendered":"<p>Son Excellence le Pr\u00e9sident de la R\u00e9publique, Monsieur Mohamed Ould Cheikh El Ghazouani, a quitt\u00e9 Nouakchott ce jeudi matin, \u00e0 destination de Tindouf, dans le cadre d\u2019une visite d\u2019amiti\u00e9 et de travail en R\u00e9publique Alg\u00e9rienne D\u00e9mocratique et Populaire. Son Excellence a \u00e9t\u00e9 salu\u00e9 \u00e0 son d\u00e9part de l\u2019a\u00e9roport international de Nouakchott, Oum-Tounsi, par le Premier &hellip;<\/p>\n","protected":false},"author":2,"featured_media":8526,"comment_status":"open","ping_status":"open","sticky":false,"template":"","format":"standard","meta":{"footnotes":""},"categories":[18,29],"tags":[],"class_list":["post-8525","post","type-post","status-publish","format-standard","has-post-thumbnail","hentry","category-actualites","category-monde"],"_links":{"self":[{"href":"https:\/\/ladepeche.mr\/index.php?rest_route=\/wp\/v2\/posts\/8525","targetHints":{"allow":["GET"]}}],"collection":[{"href":"https:\/\/ladepeche.mr\/index.php?rest_route=\/wp\/v2\/posts"}],"about":[{"href":"https:\/\/ladepeche.mr\/index.php?rest_route=\/wp\/v2\/types\/post"}],"author":[{"embeddable":true,"href":"https:\/\/ladepeche.mr\/index.php?rest_route=\/wp\/v2\/users\/2"}],"replies":[{"embeddable":true,"href":"https:\/\/ladepeche.mr\/index.php?rest_route=%2Fwp%2Fv2%2Fcomments&post=8525"}],"version-history":[{"count":1,"href":"https:\/\/ladepeche.mr\/index.php?rest_route=\/wp\/v2\/posts\/8525\/revisions"}],"predecessor-version":[{"id":8527,"href":"https:\/\/ladepeche.mr\/index.php?rest_route=\/wp\/v2\/posts\/8525\/revisions\/8527"}],"wp:featuredmedia":[{"embeddable":true,"href":"https:\/\/ladepeche.mr\/index.php?rest_route=\/wp\/v2\/media\/8526"}],"wp:attachment":[{"href":"https:\/\/ladepeche.mr\/index.php?rest_route=%2Fwp%2Fv2%2Fmedia&parent=8525"}],"wp:term":[{"taxonomy":"category","embeddable":true,"href":"https:\/\/ladepeche.mr\/index.php?rest_route=%2Fwp%2Fv2%2Fcategories&post=8525"},{"taxonomy":"post_tag","embeddable":true,"href":"https:\/\/ladepeche.mr\/index.php?rest_route=%2Fwp%2Fv2%2Ftags&post=8525"}],"curies":[{"name":"wp","href":"https:\/\/api.w.org\/{rel}","templated":true}]}}