{"id":8541,"date":"2024-02-22T21:13:08","date_gmt":"2024-02-22T21:13:08","guid":{"rendered":"https:\/\/ladepeche.mr\/?p=8541"},"modified":"2024-02-22T21:13:08","modified_gmt":"2024-02-22T21:13:08","slug":"declaration-du-groupe-parlementaire-tawassoul-espoir-mauritanie-sawab-ajd-mr","status":"publish","type":"post","link":"https:\/\/ladepeche.mr\/?p=8541","title":{"rendered":"D\u00e9claration du Groupe parlementaire Tawassoul, Espoir Mauritanie, SAWAB, AJD\/MR"},"content":{"rendered":"<p>La d\u00e9cision soudaine et urgente du Bureau de l&#8217;Assembl\u00e9e nationale de lever l&#8217;immunit\u00e9 du d\u00e9put\u00e9 Biram Al-Dah Abid en r\u00e9ponse \u00e0 la demande du pouvoir ex\u00e9cutif a choqu\u00e9 les Groupes parlementaires des partis d&#8217;opposition, car c&#8217;est une \u00e9volution dangereuse et malheureuse qui refl\u00e8te l&#8217;empi\u00e9tement du pouvoir ex\u00e9cutif sur le pouvoir l\u00e9gislatif, le vidant de ses fonctions constitutionnelles, sapant son prestige et insultant les l\u00e9gislateurs.<\/p>\n<p>La rapidit\u00e9 avec laquelle sont appliqu\u00e9es les demandes et les ordres du gouvernement est un acte condamn\u00e9 et rejet\u00e9, dans lequel il n&#8217;aurait pas \u00e9t\u00e9 possible d&#8217;imaginer tomber sans la pr\u00e9sence d&#8217;un syst\u00e8me interne faible, rempli de failles qui facilitent la manipulation des acquis d\u00e9mocratiques du peuple mauritanien, et le ramener sur les places de la dictature et des m\u00e9thodes de jugements d&#8217;exception pour faire taire le peuple et \u00e9liminer les opposants politiques.<\/p>\n<p>En effet, le d\u00e9bat politique doit toujours se d\u00e9rouler dans les ar\u00e8nes politiques et non dans les salles d&#8217;audience.<\/p>\n<p>Les groupes parlementaires r\u00e9unis aujourd&#8217;hui au si\u00e8ge de l&#8217;Assembl\u00e9e nationale :<\/p>\n<p>imposent la n\u00e9cessit\u00e9 de retirer imm\u00e9diatement l&#8217;autorisation de poursuivre le D\u00e9put\u00e9 Biram Dah Abeid.<\/p>\n<p>Ils appellent les \u00e9lus \u00e0 \u0153uvrer rapidement \u00e0 la r\u00e9vision du r\u00e8glement int\u00e9rieur de l&#8217;Assembl\u00e9e nationale de mani\u00e8re \u00e0 pr\u00e9server la dignit\u00e9 des \u00e9lus et \u00e0 garantir leur capacit\u00e9 \u00e0 remplir le r\u00f4le qui leur a \u00e9t\u00e9 confi\u00e9 par le peuple mauritanien, ce qui pourrait devenir impossible dans le contexte actuel.<\/p>\n<p>Les groupes parlementaires de l&#8217;opposition restent en \u00e9tat de surveillance constante de cette approche dangereuse pour prendre des positions et des actions dict\u00e9es par la nouvelle crise \u00e0 l&#8217;Assembl\u00e9e nationale.<\/p>\n<p>Nouakchott le 21 f\u00e9vrier 2024<\/p>\n<p>Groupe parlementaire :<\/p>\n<p>-Tawassoul <\/p>\n<p>-Espoir Mauritanie<\/p>\n<p>-SAWAB<\/p>\n<p>&#8211; AJD\/MR<\/p>\n","protected":false},"excerpt":{"rendered":"<p>La d\u00e9cision soudaine et urgente du Bureau de l&#8217;Assembl\u00e9e nationale de lever l&#8217;immunit\u00e9 du d\u00e9put\u00e9 Biram Al-Dah Abid en r\u00e9ponse \u00e0 la demande du pouvoir ex\u00e9cutif a choqu\u00e9 les Groupes parlementaires des partis d&#8217;opposition, car c&#8217;est une \u00e9volution dangereuse et malheureuse qui refl\u00e8te l&#8217;empi\u00e9tement du pouvoir ex\u00e9cutif sur le pouvoir l\u00e9gislatif, le vidant de ses &hellip;<\/p>\n","protected":false},"author":2,"featured_media":0,"comment_status":"open","ping_status":"open","sticky":false,"template":"","format":"standard","meta":{"footnotes":""},"categories":[18,31,19],"tags":[],"class_list":["post-8541","post","type-post","status-publish","format-standard","hentry","category-actualites","category-politique-et-reportages","category-tribune"],"_links":{"self":[{"href":"https:\/\/ladepeche.mr\/index.php?rest_route=\/wp\/v2\/posts\/8541","targetHints":{"allow":["GET"]}}],"collection":[{"href":"https:\/\/ladepeche.mr\/index.php?rest_route=\/wp\/v2\/posts"}],"about":[{"href":"https:\/\/ladepeche.mr\/index.php?rest_route=\/wp\/v2\/types\/post"}],"author":[{"embeddable":true,"href":"https:\/\/ladepeche.mr\/index.php?rest_route=\/wp\/v2\/users\/2"}],"replies":[{"embeddable":true,"href":"https:\/\/ladepeche.mr\/index.php?rest_route=%2Fwp%2Fv2%2Fcomments&post=8541"}],"version-history":[{"count":1,"href":"https:\/\/ladepeche.mr\/index.php?rest_route=\/wp\/v2\/posts\/8541\/revisions"}],"predecessor-version":[{"id":8542,"href":"https:\/\/ladepeche.mr\/index.php?rest_route=\/wp\/v2\/posts\/8541\/revisions\/8542"}],"wp:attachment":[{"href":"https:\/\/ladepeche.mr\/index.php?rest_route=%2Fwp%2Fv2%2Fmedia&parent=8541"}],"wp:term":[{"taxonomy":"category","embeddable":true,"href":"https:\/\/ladepeche.mr\/index.php?rest_route=%2Fwp%2Fv2%2Fcategories&post=8541"},{"taxonomy":"post_tag","embeddable":true,"href":"https:\/\/ladepeche.mr\/index.php?rest_route=%2Fwp%2Fv2%2Ftags&post=8541"}],"curies":[{"name":"wp","href":"https:\/\/api.w.org\/{rel}","templated":true}]}}