{"id":8549,"date":"2024-02-24T22:13:44","date_gmt":"2024-02-24T22:13:44","guid":{"rendered":"https:\/\/ladepeche.mr\/?p=8549"},"modified":"2024-02-24T22:13:44","modified_gmt":"2024-02-24T22:13:44","slug":"les-senegalais-sont-plus-republicains-que-les-mauritaniens","status":"publish","type":"post","link":"https:\/\/ladepeche.mr\/?p=8549","title":{"rendered":"Les S\u00e9n\u00e9galais sont plus r\u00e9publicains que les Mauritaniens\u202f!"},"content":{"rendered":"<p>Les S\u00e9n\u00e9galais vont bient\u00f4t voter pour \u00e9lire un pr\u00e9sident de la R\u00e9publique, tout comme les Mauritaniens. N\u00e9anmoins, il existe une diff\u00e9rence de taille au-del\u00e0 et en de\u00e7\u00e0 du fleuve. Pour \u00eatre \u00e9ligible au S\u00e9n\u00e9gal, l&#8217;article 28 de la constitution du 22 janvier 2001 stipule qu&#8217;il est imp\u00e9ratif d&#8217;avoir la capacit\u00e9 d&#8217;\u00e9crire, de lire et de parler couramment la langue officielle. La loi fondamentale mauritanienne ne comporte pas cette disposition. En Mauritanie, il est tout \u00e0 fait possible de ne pas respecter, voire de manifester publiquement son m\u00e9pris pour l&#8217;article 6 de la Constitution, qui \u00e9tablit que la langue arabe est la langue officielle de la R\u00e9publique, et de se porter candidat \u00e0 la magistrature supr\u00eame. Bizarre !<\/p>\n<p>Pourquoi sommes-nous peu regardants sur les principes de la R\u00e9publique, notamment l&#8217;\u00e9galit\u00e9 des citoyens devant la loi\u202f?<\/p>\n<p>C\u2019est simple. La R\u00e9publique est plus affirm\u00e9e au S\u00e9n\u00e9gal qu&#8217;en Mauritanie.<\/p>\n<p>Au S\u00e9n\u00e9gal, ils parlent de communaut\u00e9 nationale, de citoyens s\u00e9n\u00e9galais. En Mauritanie, nous parlons de deux communaut\u00e9s : arabe et n\u00e9gro-africaine, qui doivent faire l&#8217;objet de traitements distincts, en tout cas, dans l&#8217;esprit des autorit\u00e9s publiques. En 2003, lorsque le candidat Haidalla et son \u00e9quipe de campagne ont \u00e9t\u00e9 appr\u00e9hend\u00e9s, jug\u00e9s et condamn\u00e9s, ses collaborateurs n\u00e9gros-mauritaniens ont \u00e9t\u00e9 \u00e9pargn\u00e9s.<\/p>\n<p> Il est fort probable que cela soit d\u00fb au malaise caus\u00e9 par les cons\u00e9quences psychologiques et politiques du \u00ab passif humanitaire \u00bb.<\/p>\n<p>Qu&#8217;attend la R\u00e9publique pour se d\u00e9faire de ce cauchemar\u202f?<\/p>\n<p>Certains groupes d&#8217;activistes demandent une commission v\u00e9rit\u00e9 et r\u00e9conciliation, sans aucun doute, en ignorant que \u00ab le passif criminel \u00bb y sera obligatoirement inclus.<\/p>\n<p>Pour r\u00e9aliser cela, il est n\u00e9cessaire que l&#8217;arm\u00e9e nationale fasse toute la lumi\u00e8re sur ces deux affaires : le massacre des militaires peuls et toucouleurs dans certaines casernes, ainsi que la lutte arm\u00e9e men\u00e9e par les milices de la m\u00eame ethnie contre les populations et les forces arm\u00e9es nationales pendant le conflit avec le S\u00e9n\u00e9gal.<\/p>\n<p>Ely Ould Sneiba<\/p>\n","protected":false},"excerpt":{"rendered":"<p>Les S\u00e9n\u00e9galais vont bient\u00f4t voter pour \u00e9lire un pr\u00e9sident de la R\u00e9publique, tout comme les Mauritaniens. N\u00e9anmoins, il existe une diff\u00e9rence de taille au-del\u00e0 et en de\u00e7\u00e0 du fleuve. Pour \u00eatre \u00e9ligible au S\u00e9n\u00e9gal, l&#8217;article 28 de la constitution du 22 janvier 2001 stipule qu&#8217;il est imp\u00e9ratif d&#8217;avoir la capacit\u00e9 d&#8217;\u00e9crire, de lire et de &hellip;<\/p>\n","protected":false},"author":2,"featured_media":7547,"comment_status":"open","ping_status":"open","sticky":false,"template":"","format":"standard","meta":{"footnotes":""},"categories":[18,19],"tags":[],"class_list":["post-8549","post","type-post","status-publish","format-standard","has-post-thumbnail","hentry","category-actualites","category-tribune"],"_links":{"self":[{"href":"https:\/\/ladepeche.mr\/index.php?rest_route=\/wp\/v2\/posts\/8549","targetHints":{"allow":["GET"]}}],"collection":[{"href":"https:\/\/ladepeche.mr\/index.php?rest_route=\/wp\/v2\/posts"}],"about":[{"href":"https:\/\/ladepeche.mr\/index.php?rest_route=\/wp\/v2\/types\/post"}],"author":[{"embeddable":true,"href":"https:\/\/ladepeche.mr\/index.php?rest_route=\/wp\/v2\/users\/2"}],"replies":[{"embeddable":true,"href":"https:\/\/ladepeche.mr\/index.php?rest_route=%2Fwp%2Fv2%2Fcomments&post=8549"}],"version-history":[{"count":1,"href":"https:\/\/ladepeche.mr\/index.php?rest_route=\/wp\/v2\/posts\/8549\/revisions"}],"predecessor-version":[{"id":8550,"href":"https:\/\/ladepeche.mr\/index.php?rest_route=\/wp\/v2\/posts\/8549\/revisions\/8550"}],"wp:featuredmedia":[{"embeddable":true,"href":"https:\/\/ladepeche.mr\/index.php?rest_route=\/wp\/v2\/media\/7547"}],"wp:attachment":[{"href":"https:\/\/ladepeche.mr\/index.php?rest_route=%2Fwp%2Fv2%2Fmedia&parent=8549"}],"wp:term":[{"taxonomy":"category","embeddable":true,"href":"https:\/\/ladepeche.mr\/index.php?rest_route=%2Fwp%2Fv2%2Fcategories&post=8549"},{"taxonomy":"post_tag","embeddable":true,"href":"https:\/\/ladepeche.mr\/index.php?rest_route=%2Fwp%2Fv2%2Ftags&post=8549"}],"curies":[{"name":"wp","href":"https:\/\/api.w.org\/{rel}","templated":true}]}}