{"id":8551,"date":"2024-02-24T22:18:33","date_gmt":"2024-02-24T22:18:33","guid":{"rendered":"https:\/\/ladepeche.mr\/?p=8551"},"modified":"2024-02-24T22:19:17","modified_gmt":"2024-02-24T22:19:17","slug":"le-president-de-la-republique-appelle-les-maires-a-incarner-les-valeurs-de-la-republique","status":"publish","type":"post","link":"https:\/\/ladepeche.mr\/?p=8551","title":{"rendered":"Le Pr\u00e9sident de la R\u00e9publique appelle les maires \u00e0 incarner les valeurs de la R\u00e9publique"},"content":{"rendered":"<p>Dans son allocution d\u2019ouverture de la huiti\u00e8me conf\u00e9rence ordinaire de l\u2019Association des maires de Mauritanie, organis\u00e9e, vendredi \u00e0 Nouakchott, sous le th\u00e8me: \u2018\u2019la d\u00e9centralisation est un levier de d\u00e9veloppement local\u2019\u2019, Son Excellence le Pr\u00e9sident de la R\u00e9publique, Mohamed Ould Cheikh El Ghazouani, s\u2019est dit soucieux de superviser le lancement de la conf\u00e9rence, exprimant sa ferme conviction du r\u00f4le central jou\u00e9 par les maires et les conseils municipaux dans la mise en \u0153uvre de la strat\u00e9gie nationale de d\u00e9centralisation.<\/p>\n<p>Son Excellence Monsieur le Pr\u00e9sident de la R\u00e9publique a d\u00e9clar\u00e9 que le citoyen, qui est la cible de tout d\u00e9veloppement, ne peut r\u00e9soudre ses probl\u00e8mes et renforcer son r\u00f4le dans le processus de d\u00e9veloppement, tant sur le plan th\u00e9orique que pratique, que s\u2019il est mpliqu\u00e9 dans la conduite de son d\u00e9veloppement local.<\/p>\n<p>Il a appel\u00e9 les maires \u00e0 redoubler d\u2019effort dans leurs circonscriptions pour incarner les valeurs de la R\u00e9publique, contribuant efficacement \u00e0 la transformation soci\u00e9tale recherch\u00e9e et luttant contre les pratiques et les mentalit\u00e9s n\u00e9fastes.<\/p>\n<p>Voici le discours de Son Excellence Monsieur le Pr\u00e9sident de la R\u00e9publique dans son int\u00e9gralit\u00e9 :<\/p>\n<p>\u201dExcellence Monsieur le Premier Ministre,<\/p>\n<p>Monsieur le Pr\u00e9sident de l\u2019Assembl\u00e9e Nationale,<\/p>\n<p>Monsieur le Pr\u00e9sident du Conseil Constitutionnel,<\/p>\n<p>Monsieur le Chef de file de l\u2019opposition D\u00e9mocratique,<\/p>\n<p>Mesdames et Messieurs les Ministres,<\/p>\n<p>Mesdames et Messieurs les Chefs des organes militaires et de s\u00e9curit\u00e9,<\/p>\n<p>Excellences Mesdames et Messieurs les Ambassadeurs et Repr\u00e9sentants des missions diplomatiques,<\/p>\n<p>Mesdames et Messieurs les Repr\u00e9sentants des organisations internationales accr\u00e9dit\u00e9es dans notre pays,<\/p>\n<p>Mesdames et Messieurs les Maires,<\/p>\n<p>Mesdames et Messieurs,<\/p>\n<p>Mesdames et Messieurs les participants,<\/p>\n<p>J\u2019ai tenu \u00e0 superviser personnellement le lancement de cette conf\u00e9rence, car je suis intimement convaincu du r\u00f4le central jou\u00e9 par les maires et les conseils municipaux dans la mise en \u0153uvre de notre strat\u00e9gie nationale de d\u00e9centralisation,<\/p>\n<p>Nous consid\u00e9rons que la d\u00e9centralisation, en termes de r\u00e9forme institutionnelle de l\u2019\u00c9tat, en vertu de la n\u00e9cessaire r\u00e9partition des comp\u00e9tences entre le niveau central et les diff\u00e9rents services de gouvernance locale, est l\u2019un des d\u00e9fis les plus importants devant un d\u00e9veloppement durable global.<\/p>\n<p>Le citoyen, qui est la cible de toutes les mesures de d\u00e9veloppement, ne peut pas r\u00e9soudre ses probl\u00e8mes et renforcer son r\u00f4le dans l\u2019\u0153uvre du d\u00e9veloppement, sur le plan th\u00e9orique et pratique, \u00e0 partir du niveau central exclusivement, en raison de l\u2019\u00e9tendue du territoire de notre pays et du caract\u00e8re al\u00e9atoire de la s\u00e9dentarisation.<\/p>\n<p>Il est bien connu que l\u2019implication du citoyen dans la conduite de son d\u00e9veloppement local d\u00e9pend de l\u2019efficacit\u00e9 de la mise en \u0153uvre des programmes et projets de d\u00e9veloppement.<\/p>\n<p>C\u2019est pourquoi nous avons demand\u00e9 au gouvernement de se concentrer sur le d\u00e9veloppement de la d\u00e9centralisation et l\u2019appui \u00e0 la gouvernance locale, et sur ce plan, les r\u00e9sultats sont encourageants.<\/p>\n<p>A titre d\u2019exemple, l\u2019\u00e9laboration d\u2019une strat\u00e9gie nationale de d\u00e9centralisation, la cr\u00e9ation du Conseil sup\u00e9rieur de la d\u00e9centralisation, en plus des travaux actuellement en cours pour accro\u00eetre l\u2019appui financier aux autorit\u00e9s municipales, parall\u00e8lement au transfert progressif des comp\u00e9tences qui leur sont destin\u00e9es.<\/p>\n<p>Je voudrais souligner ici que plus les comp\u00e9tences vous seront progressivement transf\u00e9r\u00e9es, parall\u00e8lement aux ressources financi\u00e8res allou\u00e9es \u00e0 leur exercice, plus grande sera la responsabilit\u00e9 qui vous incombe quant \u00e0 l\u2019approche harmonieuse et transparente du service au citoyen et \u00e0 la contribution effective au d\u00e9veloppement local.<\/p>\n<p>Cela vous oblige constamment \u00e0 outiller votre personnel pour qu\u2019il soit en mesure de faire face aux grands d\u00e9fis qui accompagnent cette responsabilit\u00e9.<\/p>\n<p>Les pouvoirs qui vous sont transf\u00e9r\u00e9s sont d\u00e9volus au conseil municipal dirig\u00e9 par le maire.<\/p>\n<p>Il est donc n\u00e9cessaire d\u2019impliquer ce conseil dans les programmes municipaux en termes de conception, de planification et de mise en \u0153uvre.<\/p>\n<p>L\u2019un des objectifs les plus importants de l\u2019adoption de la proportionnalit\u00e9 dans les \u00e9lections municipales est d\u2019\u00e9largir le cercle de repr\u00e9sentation afin que le conseil soit plus expressif de la volont\u00e9 locale dans sa diversit\u00e9.<\/p>\n<p>Les conseils municipaux sont la pierre angulaire du syst\u00e8me de gouvernance locale, au m\u00eame titre que les conseils r\u00e9gionaux et l\u2019administration r\u00e9gionale.<\/p>\n<p>Le succ\u00e8s de ce syst\u00e8me continuera de d\u00e9pendre du niveau de consultation et de coordination entre ses diff\u00e9rentes composantes.<\/p>\n<p>Mesdames et Messieurs,<\/p>\n<p>Les maires doivent fournir davantage d\u2019efforts dans leurs circonscriptions pour incarner les valeurs de la R\u00e9publique et contribuer efficacement au d\u00e9veloppement et \u00e0 la transformation soci\u00e9tale \u00e0 r\u00e9aliser.<\/p>\n<p>Ils doivent se comporter de mani\u00e8re \u00e0 combattre les mentalit\u00e9s sociales d\u00e9pass\u00e9es, tels que syst\u00e8me de caste, le tribalisme et l\u2019ethnicisme \u00e9troit, en ancrant les valeurs de la R\u00e9publique en termes d\u2019\u00e9galit\u00e9 d\u2019acc\u00e8s aux droits sans autre consid\u00e9ration que la citoyennet\u00e9.<\/p>\n<p>Ils doivent, \u00e9galement, contribuer \u00e0 la consolidation des valeurs de cette R\u00e9publique, par l\u2019orientation et la sensibilisation, et \u00e0 ce propos, je compte sur vous tous dans la r\u00e9ussite du projet d\u2019\u00e9cole r\u00e9publicaine, pour permettre \u00e0 nos enfants de b\u00e9n\u00e9ficier, dans des circonstances similaires, d\u2019un service \u00e9ducatif efficace.<\/p>\n<p>En effet, c\u2019est l\u2019\u00e9ducation qui inculque aux jeunes les valeurs de la citoyennet\u00e9, de la civilit\u00e9 et de l\u2019importance de l\u2019unit\u00e9 nationale, tout en les pr\u00e9parant \u00e0 une int\u00e9gration harmonieuse et efficace dans la vie sociale et professionnelle.<\/p>\n<p>Nous devons veiller \u00e0 ce que l\u2019enseignement primaire soit uniformis\u00e9 en vue de rassembler tous nos enfants dans une m\u00eame \u00e9cole dans des conditions similaires.<\/p>\n<p>C\u2019est la condition sine qua non pour surmonter durablement les diff\u00e9rents d\u00e9fis de l\u2019unit\u00e9 nationale et de la coh\u00e9sion sociale.<\/p>\n<p>Je compte, \u00e9galement, sur vous pour contribuer au traitement des litiges immobiliers de mani\u00e8re \u00e0 ne pas perturber l\u2019acc\u00e8s aux ressources naturelles, \u00e0 ne pas entraver les projets de d\u00e9veloppement et \u00e0 ne pas passer \u00e0 c\u00f4t\u00e9 des droits des propri\u00e9taires qui remplissent les conditions.<\/p>\n<p>Conscient de l\u2019ampleur de la responsabilit\u00e9 qui vous incombe, j\u2019ai demand\u00e9 aux services comp\u00e9tents d\u2019am\u00e9liorer votre situation afin de vous aider \u00e0 remplir votre r\u00f4le comme il se doit.<\/p>\n<p>Et, au moment o\u00f9 je vous demande d\u2019accorder aux instructions ci-dessus tout le soin n\u00e9cessaire, je d\u00e9clare ouvert ce forum, en esp\u00e9rant plein succ\u00e8s \u00e0 ses travaux.<\/p>\n<p>Je vous remercie\u201d.<\/p>\n","protected":false},"excerpt":{"rendered":"<p>Dans son allocution d\u2019ouverture de la huiti\u00e8me conf\u00e9rence ordinaire de l\u2019Association des maires de Mauritanie, organis\u00e9e, vendredi \u00e0 Nouakchott, sous le th\u00e8me: \u2018\u2019la d\u00e9centralisation est un levier de d\u00e9veloppement local\u2019\u2019, Son Excellence le Pr\u00e9sident de la R\u00e9publique, Mohamed Ould Cheikh El Ghazouani, s\u2019est dit soucieux de superviser le lancement de la conf\u00e9rence, exprimant sa ferme &hellip;<\/p>\n","protected":false},"author":2,"featured_media":8552,"comment_status":"open","ping_status":"open","sticky":false,"template":"","format":"standard","meta":{"footnotes":""},"categories":[18,31],"tags":[],"class_list":["post-8551","post","type-post","status-publish","format-standard","has-post-thumbnail","hentry","category-actualites","category-politique-et-reportages"],"_links":{"self":[{"href":"https:\/\/ladepeche.mr\/index.php?rest_route=\/wp\/v2\/posts\/8551","targetHints":{"allow":["GET"]}}],"collection":[{"href":"https:\/\/ladepeche.mr\/index.php?rest_route=\/wp\/v2\/posts"}],"about":[{"href":"https:\/\/ladepeche.mr\/index.php?rest_route=\/wp\/v2\/types\/post"}],"author":[{"embeddable":true,"href":"https:\/\/ladepeche.mr\/index.php?rest_route=\/wp\/v2\/users\/2"}],"replies":[{"embeddable":true,"href":"https:\/\/ladepeche.mr\/index.php?rest_route=%2Fwp%2Fv2%2Fcomments&post=8551"}],"version-history":[{"count":1,"href":"https:\/\/ladepeche.mr\/index.php?rest_route=\/wp\/v2\/posts\/8551\/revisions"}],"predecessor-version":[{"id":8553,"href":"https:\/\/ladepeche.mr\/index.php?rest_route=\/wp\/v2\/posts\/8551\/revisions\/8553"}],"wp:featuredmedia":[{"embeddable":true,"href":"https:\/\/ladepeche.mr\/index.php?rest_route=\/wp\/v2\/media\/8552"}],"wp:attachment":[{"href":"https:\/\/ladepeche.mr\/index.php?rest_route=%2Fwp%2Fv2%2Fmedia&parent=8551"}],"wp:term":[{"taxonomy":"category","embeddable":true,"href":"https:\/\/ladepeche.mr\/index.php?rest_route=%2Fwp%2Fv2%2Fcategories&post=8551"},{"taxonomy":"post_tag","embeddable":true,"href":"https:\/\/ladepeche.mr\/index.php?rest_route=%2Fwp%2Fv2%2Ftags&post=8551"}],"curies":[{"name":"wp","href":"https:\/\/api.w.org\/{rel}","templated":true}]}}