{"id":8562,"date":"2024-02-25T17:28:52","date_gmt":"2024-02-25T17:28:52","guid":{"rendered":"https:\/\/ladepeche.mr\/?p=8562"},"modified":"2024-02-25T17:28:52","modified_gmt":"2024-02-25T17:28:52","slug":"operation-terrestre-a-rafah-le-gouvernement-netanyahu-veut-rendre-la-bande-de-gaza-inhabitable","status":"publish","type":"post","link":"https:\/\/ladepeche.mr\/?p=8562","title":{"rendered":"Op\u00e9ration terrestre \u00e0 Rafah : le gouvernement Netanyahu veut rendre &#8220;la bande de Gaza inhabitable&#8221;"},"content":{"rendered":"<p>Objectif ultime affich\u00e9 par l&#8217;arm\u00e9e isra\u00e9lienne, l&#8217;offensive terrestre sur la ville de Rafah dans le sud de la bande de Gaza doit permettre de parachever &#8220;la destruction&#8221; du Hamas, affirme Isra\u00ebl. Mais selon l&#8217;ancien militaire Guillaume Ancel, interrog\u00e9 par France 24, une op\u00e9ration militaire de grande envergure n&#8217;a pas d&#8217;int\u00e9r\u00eat strat\u00e9gique et aurait pour cons\u00e9quence de rendre l&#8217;enclave palestinienne &#8220;inhabitable&#8221;. <\/p>\n<p>Le compte \u00e0 rebours a commenc\u00e9 pour Rafah. Isra\u00ebl a menac\u00e9 dimanche 18 f\u00e9vrier de mener une attaque au sol de grande envergure avant le d\u00e9but du ramadan, le mois du je\u00fbne musulman qui commence cette ann\u00e9e autour du 10 mars. De quoi alimenter l&#8217;inqui\u00e9tude internationale sur le sort d&#8217;1,5 million de Palestiniens pris au pi\u00e8ge dans cette ville du sud de la bande de Gaza.<\/p>\n<p>&#8220;Si d&#8217;ici au ramadan, nos otages ne sont pas \u00e0 la maison, les combats vont continuer partout, y compris dans la r\u00e9gion de Rafah&#8221;, a pr\u00e9venu l&#8217;ancien ministre de la D\u00e9fense Benny Gantz, membre du cabinet de guerre de Benjamin Netanyahu.<\/p>\n<p>Rest\u00e9 jusque-l\u00e0 herm\u00e9tique aux mises en garde de ses alli\u00e9s occidentaux, le Premier ministre isra\u00e9lien semble lui aussi plus que jamais d\u00e9termin\u00e9 \u00e0 poursuivre la guerre contre le Hamas. &#8220;Quiconque veut nous emp\u00eacher de mener une op\u00e9ration \u00e0 Rafah nous dit en fait de perdre la guerre. Je ne vais pas c\u00e9der \u00e0 cela&#8221;, a-t-il dit samedi, avant de r\u00e9affirmer dimanche viser &#8220;une victoire totale&#8221; contre le mouvement islamiste palestinien.<\/p>\n<p>&#8220;Les d\u00e9clarations de Benny Gantz traduisent une dissension au sein du cabinet de guerre&#8221;, analyse sur l&#8217;antenne de France 24, l&#8217;expert militaire Guillaume Ancel. &#8220;Si les extr\u00e9mistes conduits par Netanyahu veulent aller jusqu&#8217;au bout, les plus mod\u00e9r\u00e9s comme Benny Gantz, veulent laisser une porte ouverte pour des n\u00e9gociations qui se passent actuellement tr\u00e8s mal&#8221;.<\/p>\n<p>https:\/\/www.france24.com\/fr\/moyen-orient\/20240220-op%C3%A9ration-terrestre-%C3%A0-rafah-le-gouvernement-netanyahu-veut-rendre-la-bande-de-gaza-inhabitable<\/p>\n","protected":false},"excerpt":{"rendered":"<p>Objectif ultime affich\u00e9 par l&#8217;arm\u00e9e isra\u00e9lienne, l&#8217;offensive terrestre sur la ville de Rafah dans le sud de la bande de Gaza doit permettre de parachever &#8220;la destruction&#8221; du Hamas, affirme Isra\u00ebl. Mais selon l&#8217;ancien militaire Guillaume Ancel, interrog\u00e9 par France 24, une op\u00e9ration militaire de grande envergure n&#8217;a pas d&#8217;int\u00e9r\u00eat strat\u00e9gique et aurait pour cons\u00e9quence &hellip;<\/p>\n","protected":false},"author":2,"featured_media":0,"comment_status":"open","ping_status":"open","sticky":false,"template":"","format":"standard","meta":{"footnotes":""},"categories":[18,29],"tags":[],"class_list":["post-8562","post","type-post","status-publish","format-standard","hentry","category-actualites","category-monde"],"_links":{"self":[{"href":"https:\/\/ladepeche.mr\/index.php?rest_route=\/wp\/v2\/posts\/8562","targetHints":{"allow":["GET"]}}],"collection":[{"href":"https:\/\/ladepeche.mr\/index.php?rest_route=\/wp\/v2\/posts"}],"about":[{"href":"https:\/\/ladepeche.mr\/index.php?rest_route=\/wp\/v2\/types\/post"}],"author":[{"embeddable":true,"href":"https:\/\/ladepeche.mr\/index.php?rest_route=\/wp\/v2\/users\/2"}],"replies":[{"embeddable":true,"href":"https:\/\/ladepeche.mr\/index.php?rest_route=%2Fwp%2Fv2%2Fcomments&post=8562"}],"version-history":[{"count":1,"href":"https:\/\/ladepeche.mr\/index.php?rest_route=\/wp\/v2\/posts\/8562\/revisions"}],"predecessor-version":[{"id":8563,"href":"https:\/\/ladepeche.mr\/index.php?rest_route=\/wp\/v2\/posts\/8562\/revisions\/8563"}],"wp:attachment":[{"href":"https:\/\/ladepeche.mr\/index.php?rest_route=%2Fwp%2Fv2%2Fmedia&parent=8562"}],"wp:term":[{"taxonomy":"category","embeddable":true,"href":"https:\/\/ladepeche.mr\/index.php?rest_route=%2Fwp%2Fv2%2Fcategories&post=8562"},{"taxonomy":"post_tag","embeddable":true,"href":"https:\/\/ladepeche.mr\/index.php?rest_route=%2Fwp%2Fv2%2Ftags&post=8562"}],"curies":[{"name":"wp","href":"https:\/\/api.w.org\/{rel}","templated":true}]}}