{"id":8564,"date":"2024-02-25T17:41:53","date_gmt":"2024-02-25T17:41:53","guid":{"rendered":"https:\/\/ladepeche.mr\/?p=8564"},"modified":"2024-02-25T17:41:53","modified_gmt":"2024-02-25T17:41:53","slug":"ouverture-du-passage-frontalier-mauritano-algerien-pour-faciliter-la-circulation-des-personnes-et-des-biens-entre-les-deux-pays","status":"publish","type":"post","link":"https:\/\/ladepeche.mr\/?p=8564","title":{"rendered":"Ouverture du passage frontalier mauritano-alg\u00e9rien pour faciliter la circulation des personnes et des biens entre les deux pays"},"content":{"rendered":"<p>Le minist\u00e8re de l\u2019Int\u00e9rieur et de la D\u00e9centralisation a annonc\u00e9, samedi, dans un communiqu\u00e9, qu\u2019il a pris toutes les mesures n\u00e9cessaires pour l\u2019ouverture du passage frontalier \u201cle martyr Ismail Ould El Bardi\u201d \u00e0 compter de vendredi dans le but de faciliter la fluidit\u00e9 de la circulation des personnes et des biens de et vers la R\u00e9publique Alg\u00e9rienne D\u00e9mocratique et Populaire.<\/p>\n<p>Cette mesure est intervenue suite aux instructions du Pr\u00e9sident de la R\u00e9publique, Son Excellence Monsieur Mohamed Ould Cheikh El Ghazouani et apr\u00e8s sa supervision avec son fr\u00e8re le Pr\u00e9sident de la R\u00e9publique Alg\u00e9rienne D\u00e9mocratique et Populaire, Monsieur Abdel Mejid Teboune de l\u2019ouverture de deux nouveaux passages frontaliers entre les deux pays fr\u00e8res, selon le communiqu\u00e9 du minist\u00e8re.<\/p>\n<p>Ces mesures interviennent \u00e9galement pour concr\u00e9tiser la volont\u00e9 des dirigeants des deux pays et leurs aspirations constantes pour \u00e9lever du niveau des \u00e9changes et de la coop\u00e9ration ainsi que pour renforcer les liens de fraternit\u00e9, d\u2019amiti\u00e9 et de bon voisinage, selon la m\u00eame source.<br \/>\nAmi<\/p>\n","protected":false},"excerpt":{"rendered":"<p>Le minist\u00e8re de l\u2019Int\u00e9rieur et de la D\u00e9centralisation a annonc\u00e9, samedi, dans un communiqu\u00e9, qu\u2019il a pris toutes les mesures n\u00e9cessaires pour l\u2019ouverture du passage frontalier \u201cle martyr Ismail Ould El Bardi\u201d \u00e0 compter de vendredi dans le but de faciliter la fluidit\u00e9 de la circulation des personnes et des biens de et vers la &hellip;<\/p>\n","protected":false},"author":2,"featured_media":8565,"comment_status":"open","ping_status":"open","sticky":false,"template":"","format":"standard","meta":{"footnotes":""},"categories":[18,29],"tags":[],"class_list":["post-8564","post","type-post","status-publish","format-standard","has-post-thumbnail","hentry","category-actualites","category-monde"],"_links":{"self":[{"href":"https:\/\/ladepeche.mr\/index.php?rest_route=\/wp\/v2\/posts\/8564","targetHints":{"allow":["GET"]}}],"collection":[{"href":"https:\/\/ladepeche.mr\/index.php?rest_route=\/wp\/v2\/posts"}],"about":[{"href":"https:\/\/ladepeche.mr\/index.php?rest_route=\/wp\/v2\/types\/post"}],"author":[{"embeddable":true,"href":"https:\/\/ladepeche.mr\/index.php?rest_route=\/wp\/v2\/users\/2"}],"replies":[{"embeddable":true,"href":"https:\/\/ladepeche.mr\/index.php?rest_route=%2Fwp%2Fv2%2Fcomments&post=8564"}],"version-history":[{"count":1,"href":"https:\/\/ladepeche.mr\/index.php?rest_route=\/wp\/v2\/posts\/8564\/revisions"}],"predecessor-version":[{"id":8566,"href":"https:\/\/ladepeche.mr\/index.php?rest_route=\/wp\/v2\/posts\/8564\/revisions\/8566"}],"wp:featuredmedia":[{"embeddable":true,"href":"https:\/\/ladepeche.mr\/index.php?rest_route=\/wp\/v2\/media\/8565"}],"wp:attachment":[{"href":"https:\/\/ladepeche.mr\/index.php?rest_route=%2Fwp%2Fv2%2Fmedia&parent=8564"}],"wp:term":[{"taxonomy":"category","embeddable":true,"href":"https:\/\/ladepeche.mr\/index.php?rest_route=%2Fwp%2Fv2%2Fcategories&post=8564"},{"taxonomy":"post_tag","embeddable":true,"href":"https:\/\/ladepeche.mr\/index.php?rest_route=%2Fwp%2Fv2%2Ftags&post=8564"}],"curies":[{"name":"wp","href":"https:\/\/api.w.org\/{rel}","templated":true}]}}