{"id":8571,"date":"2024-02-26T11:11:31","date_gmt":"2024-02-26T11:11:31","guid":{"rendered":"https:\/\/ladepeche.mr\/?p=8571"},"modified":"2024-02-26T11:11:31","modified_gmt":"2024-02-26T11:11:31","slug":"affaire-bda-maouloud-la-cfcd-prend-position-en-faveur-du-president-de-lufp","status":"publish","type":"post","link":"https:\/\/ladepeche.mr\/?p=8571","title":{"rendered":"Affaire BDA\/Maouloud : La CFCD prend position en faveur du pr\u00e9sident de l&#8217;UFP"},"content":{"rendered":"<p>Les partis composant la Coalition des Forces du Changement D\u00e9mocratiques (CFCD) ont apport\u00e9, dans une d\u00e9claration rendue publique, leur soutien au pr\u00e9sident de l\u2019UFP, Mohamed Ould Maouloud, dans le bras de fer  judiciaire l\u2019opposant au d\u00e9put\u00e9 Biram Dah Abeid.<br \/>\nLes partis de la CFCD qui disent \u00eatre constern\u00e9s par les accusations \u00e9manant de Biram Dah Abeid contre Mohamed Ould Maouloud de l\u2019UFP, candidat de la CFCD dont la campagne politique lors des \u00e9lections concern\u00e9es, serait \u00ab de l\u2019avis g\u00e9n\u00e9ral, particuli\u00e8rement d\u00e9munie de moyens financiers \u00bb.<br \/>\nLa CFCD consid\u00e8re, par ailleurs, \u00ab que la plainte d\u00e9pos\u00e9e par les avocats du Pr\u00e9sident Mohamed Maouloud et la proc\u00e9dure qui s\u2019en est suivie concourent \u00e0 r\u00e9parer le pr\u00e9judice moral dont l\u2019UFP, son Pr\u00e9sident et la Coalition, toute enti\u00e8re, ont \u00e9t\u00e9 victimes \u00bb.<br \/>\nLoin de calmer cette affaire au sein de l\u2019Opposition, la CFCD se solidarise de Mohamed Ould Maouloud pour clouer au pilori l\u2019activiste et d\u00e9put\u00e9 BDA.<br \/>\nLa CFCD, rappelle-t-on, est compos\u00e9e des partis du Rassemblement des Forces D\u00e9mocratiques (RFD), de l\u2019Union des Forces de Progr\u00e8s (UFP\t) et l\u2019Union nationale pour l\u2019alternance d\u00e9mocratique (UNAD).<\/p>\n<p>D\u00e9claration <\/p>\n<p>Dans une vid\u00e9o, largement diffus\u00e9e au d\u00e9but de ce mois, le D\u00e9put\u00e9 Birame Dah Abeid affirme, en prenant pour t\u00e9moin le Pr\u00e9sident Mohamed Ould Maouloud, candidat de la Coalition des Forces du Changement D\u00e9mocratiques (CFCD) \u00e0 l\u2019\u00e9lection pr\u00e9sidentielle de 2019, que ce dernier a re\u00e7u d\u2019un homme d\u2019affaires, \u00e0 l\u2019occasion de cette \u00e9lection, le montant de 500 millions MRO.<br \/>\nL\u2019ensemble des militants et sympathisants des partis membres de la CFCD ont accueilli avec stup\u00e9faction cette sortie du d\u00e9put\u00e9 Birame Dah Abeid. La campagne du candidat de la CFCD ayant \u00e9t\u00e9, de l\u2019avis g\u00e9n\u00e9ral, particuli\u00e8rement d\u00e9munie de moyens financiers, une telle accusation insinue que le Pr\u00e9sident Mohamed Ould Maouloud avait gard\u00e9 pour lui seul cette importante somme\u2026<br \/>\nConnu pour son int\u00e9grit\u00e9 morale, son honn\u00eatet\u00e9, sa droiture et le peu d\u2019int\u00e9r\u00eat qu\u2019il porte aux choses mat\u00e9rielles, le Pr\u00e9sident Mohamed Ould Maouloud s\u2019est senti injustement vis\u00e9 par cette sortie. Apr\u00e8s avoir d\u00e9menti les assertions du D\u00e9put\u00e9 Birame Dah Abeid, en l\u2019invitant \u00e0 retirer sa d\u00e9claration, \u00e0 s\u2019excuser ou \u00e0 apporter des preuves tangibles pour d\u00e9passer cette \u00e9ni\u00e8me attaque contre l\u2019UFP et son Pr\u00e9sident, une invitation rest\u00e9e \u00e0 ce jour sans suite, le Pr\u00e9sident Mohamed Ould Maouloud, prenant l\u2019opinion \u00e0 t\u00e9moin, n\u2019avait d\u2019autres choix que de s\u2019adresser \u00e0 la justice, son seul objectif \u00e9tant que la v\u00e9rit\u00e9 \u00e9clate publiquement.<br \/>\nDevant ces faits sans \u00e9quivoque, nous, Partis membres de la CFCD, signataires de la pr\u00e9sente d\u00e9claration :<br \/>\n-consid\u00e9rons que la plainte d\u00e9pos\u00e9e par les avocats du Pr\u00e9sident Mohamed Maouloud et la proc\u00e9dure qui s\u2019en est suivie concourent \u00e0 r\u00e9parer le pr\u00e9judice moral dont l\u2019UFP, son Pr\u00e9sident et la Coalition, toute enti\u00e8re, ont \u00e9t\u00e9 victimes ;<\/p>\n<p>-affirmons que les tentatives fallacieuses entreprises par certains milieux, y compris par le D\u00e9put\u00e9 Birame Dah Abeid lui-m\u00eame, pour donner une connotation politique \u00e0 cette affaire en victimisant l\u2019auteur du tort, ne plieront point le Pr\u00e9sident Mohamed Maouloud devant le noble objectif de laver son honneur ;<\/p>\n<p>-appelons l\u2019ensemble des responsables politiques, leaders d\u2019opinions et personnalit\u00e9s publiques \u00e0 un code d\u2019honneur r\u00e9gissant leurs faits et paroles, b\u00e2ti sur des principes garantissant le respect de l\u2019autre, l\u2019int\u00e9grit\u00e9 morale, l\u2019honn\u00eatet\u00e9, la droiture, l\u2019attachement aux id\u00e9aux d\u2019\u00e9galit\u00e9 et de justice\u2026<\/p>\n<p>Nouakchott, le 14 Chaabane 1445 \u2013 24 F\u00e9vrier 2024<\/p>\n<p>Les Partis de la Coalition des Forces du Changement D\u00e9mocratique<\/p>\n<p>Le Rassemblement des Forces D\u00e9mocratiques (RFD)\t\t\t\t                        L\u2019Union des Forces de Progr\u00e8s (UFP\t)<br \/>\nL\u2019Union nationale pour l\u2019alternance d\u00e9mocratique (UNAD)<\/p>\n","protected":false},"excerpt":{"rendered":"<p>Les partis composant la Coalition des Forces du Changement D\u00e9mocratiques (CFCD) ont apport\u00e9, dans une d\u00e9claration rendue publique, leur soutien au pr\u00e9sident de l\u2019UFP, Mohamed Ould Maouloud, dans le bras de fer judiciaire l\u2019opposant au d\u00e9put\u00e9 Biram Dah Abeid. Les partis de la CFCD qui disent \u00eatre constern\u00e9s par les accusations \u00e9manant de Biram Dah &hellip;<\/p>\n","protected":false},"author":2,"featured_media":5624,"comment_status":"open","ping_status":"open","sticky":false,"template":"","format":"standard","meta":{"footnotes":""},"categories":[18,31],"tags":[],"class_list":["post-8571","post","type-post","status-publish","format-standard","has-post-thumbnail","hentry","category-actualites","category-politique-et-reportages"],"_links":{"self":[{"href":"https:\/\/ladepeche.mr\/index.php?rest_route=\/wp\/v2\/posts\/8571","targetHints":{"allow":["GET"]}}],"collection":[{"href":"https:\/\/ladepeche.mr\/index.php?rest_route=\/wp\/v2\/posts"}],"about":[{"href":"https:\/\/ladepeche.mr\/index.php?rest_route=\/wp\/v2\/types\/post"}],"author":[{"embeddable":true,"href":"https:\/\/ladepeche.mr\/index.php?rest_route=\/wp\/v2\/users\/2"}],"replies":[{"embeddable":true,"href":"https:\/\/ladepeche.mr\/index.php?rest_route=%2Fwp%2Fv2%2Fcomments&post=8571"}],"version-history":[{"count":1,"href":"https:\/\/ladepeche.mr\/index.php?rest_route=\/wp\/v2\/posts\/8571\/revisions"}],"predecessor-version":[{"id":8572,"href":"https:\/\/ladepeche.mr\/index.php?rest_route=\/wp\/v2\/posts\/8571\/revisions\/8572"}],"wp:featuredmedia":[{"embeddable":true,"href":"https:\/\/ladepeche.mr\/index.php?rest_route=\/wp\/v2\/media\/5624"}],"wp:attachment":[{"href":"https:\/\/ladepeche.mr\/index.php?rest_route=%2Fwp%2Fv2%2Fmedia&parent=8571"}],"wp:term":[{"taxonomy":"category","embeddable":true,"href":"https:\/\/ladepeche.mr\/index.php?rest_route=%2Fwp%2Fv2%2Fcategories&post=8571"},{"taxonomy":"post_tag","embeddable":true,"href":"https:\/\/ladepeche.mr\/index.php?rest_route=%2Fwp%2Fv2%2Ftags&post=8571"}],"curies":[{"name":"wp","href":"https:\/\/api.w.org\/{rel}","templated":true}]}}