{"id":8589,"date":"2024-02-27T22:35:05","date_gmt":"2024-02-27T22:35:05","guid":{"rendered":"https:\/\/ladepeche.mr\/?p=8589"},"modified":"2024-02-27T22:35:05","modified_gmt":"2024-02-27T22:35:05","slug":"diplomatie-le-president-recoit-les-lettres-de-creances-dambassadeurs-dont-celui-de-guinee","status":"publish","type":"post","link":"https:\/\/ladepeche.mr\/?p=8589","title":{"rendered":"Diplomatie : Le pr\u00e9sident re\u00e7oit les lettres de cr\u00e9ances d\u2019ambassadeurs dont celui de Guin\u00e9e"},"content":{"rendered":"<p>Le pr\u00e9sident de ma R\u00e9publique a re\u00e7u mardi les lettres de cr\u00e9ances de plusieurs ambassadeurs arabes, europ\u00e9ens, asiatiques et africains aupr\u00e8s de notre pays.<br \/>\nParmi les nouveaux ambassadeurs on note la pr\u00e9sence de celui de Guin\u00e9e, Mandjou Diobate, accr\u00e9dit\u00e9 en sa qualit\u00e9 d\u2019ambassadeur extraordinaire et pl\u00e9nipotentiaire.<br \/>\nA l\u2019issue de l\u2019audience accord\u00e9e par le chef de l\u2019Etat, en pr\u00e9sence de M. Mohamed Salem Ould Merzough, ministre des Affaires Etrang\u00e8res, de la Coop\u00e9ration et des Mauritaniens de l\u2019Ext\u00e9rieur, le nouvel ambassadeur guin\u00e9en a remerci\u00e9 le pr\u00e9sident de la R\u00e9publique, pr\u00e9sident en exercice de l\u2019Union africaine, pour l\u2019accueil qui lui a \u00e9t\u00e9 r\u00e9serv\u00e9, et auquel il aurait transmis un message du Pr\u00e9sident de la R\u00e9publique de Guin\u00e9e et Commandant en Chef des Forces Arm\u00e9es, le Colonel G\u00e9n\u00e9ral Mamadi Dumbuya.<br \/>\nNotons que la junte au pouvoir en Guin\u00e9e a nomm\u00e9, mardi, un Premier ministre, en la personne de Amadou Oury Bah alors que le pays traverse une grave tension sociale li\u00e9e \u00e0 le gr\u00e8ve g\u00e9n\u00e9rale illimit\u00e9e lanc\u00e9e par les syndicats dans ce pays.<\/p>\n","protected":false},"excerpt":{"rendered":"<p>Le pr\u00e9sident de ma R\u00e9publique a re\u00e7u mardi les lettres de cr\u00e9ances de plusieurs ambassadeurs arabes, europ\u00e9ens, asiatiques et africains aupr\u00e8s de notre pays. Parmi les nouveaux ambassadeurs on note la pr\u00e9sence de celui de Guin\u00e9e, Mandjou Diobate, accr\u00e9dit\u00e9 en sa qualit\u00e9 d\u2019ambassadeur extraordinaire et pl\u00e9nipotentiaire. A l\u2019issue de l\u2019audience accord\u00e9e par le chef de &hellip;<\/p>\n","protected":false},"author":2,"featured_media":8590,"comment_status":"open","ping_status":"open","sticky":false,"template":"","format":"standard","meta":{"footnotes":""},"categories":[18],"tags":[],"class_list":["post-8589","post","type-post","status-publish","format-standard","has-post-thumbnail","hentry","category-actualites"],"_links":{"self":[{"href":"https:\/\/ladepeche.mr\/index.php?rest_route=\/wp\/v2\/posts\/8589","targetHints":{"allow":["GET"]}}],"collection":[{"href":"https:\/\/ladepeche.mr\/index.php?rest_route=\/wp\/v2\/posts"}],"about":[{"href":"https:\/\/ladepeche.mr\/index.php?rest_route=\/wp\/v2\/types\/post"}],"author":[{"embeddable":true,"href":"https:\/\/ladepeche.mr\/index.php?rest_route=\/wp\/v2\/users\/2"}],"replies":[{"embeddable":true,"href":"https:\/\/ladepeche.mr\/index.php?rest_route=%2Fwp%2Fv2%2Fcomments&post=8589"}],"version-history":[{"count":1,"href":"https:\/\/ladepeche.mr\/index.php?rest_route=\/wp\/v2\/posts\/8589\/revisions"}],"predecessor-version":[{"id":8591,"href":"https:\/\/ladepeche.mr\/index.php?rest_route=\/wp\/v2\/posts\/8589\/revisions\/8591"}],"wp:featuredmedia":[{"embeddable":true,"href":"https:\/\/ladepeche.mr\/index.php?rest_route=\/wp\/v2\/media\/8590"}],"wp:attachment":[{"href":"https:\/\/ladepeche.mr\/index.php?rest_route=%2Fwp%2Fv2%2Fmedia&parent=8589"}],"wp:term":[{"taxonomy":"category","embeddable":true,"href":"https:\/\/ladepeche.mr\/index.php?rest_route=%2Fwp%2Fv2%2Fcategories&post=8589"},{"taxonomy":"post_tag","embeddable":true,"href":"https:\/\/ladepeche.mr\/index.php?rest_route=%2Fwp%2Fv2%2Ftags&post=8589"}],"curies":[{"name":"wp","href":"https:\/\/api.w.org\/{rel}","templated":true}]}}