{"id":8593,"date":"2024-02-27T22:49:45","date_gmt":"2024-02-27T22:49:45","guid":{"rendered":"https:\/\/ladepeche.mr\/?p=8593"},"modified":"2024-02-27T22:49:45","modified_gmt":"2024-02-27T22:49:45","slug":"presidentielle-senegalaise-les-participants-au-dialogue-proposent-le-2-juin","status":"publish","type":"post","link":"https:\/\/ladepeche.mr\/?p=8593","title":{"rendered":"Pr\u00e9sidentielle s\u00e9n\u00e9galaise : les participants au dialogue proposent le 2 juin"},"content":{"rendered":"<p>Le premier tour du scrutin, initialement programm\u00e9 pour le 25 f\u00e9vrier dernier, devrait pouvoir se tenir \u00e0 cette date selon les conclusions du dialogue national initi\u00e9 par Macky Sall.<\/p>\n<p>Le premier tour de l\u2019\u00e9lection pr\u00e9sidentielle se tiendra-t-il le 2 juin prochain ? C\u2019est la volont\u00e9 des diff\u00e9rents acteurs qui ont particip\u00e9, les 26 et 27 f\u00e9vrier au Centre international de conf\u00e9rence Abdou Diouf de Diamniadio, \u00e0 une trentaine de kilom\u00e8tres \u00e0 l\u2019Est de Dakar, au Dialogue national initi\u00e9 par le pr\u00e9sident Macky Sall.<\/p>\n<p>Selon plusieurs m\u00e9dias nationaux, citant plusieurs membres de la commission charg\u00e9e d\u2019\u00e9tudier cette question, les participants \u00e0 cette rencontre ont sugg\u00e9r\u00e9 au chef de l\u2019\u00c9tat d\u2019\u00e9mettre un d\u00e9cret convoquant le corps \u00e9lectoral pour le 2 juin prochain.<\/p>\n<p>\u00ab La commission en charge de la datation et de la gestion de la transition a d\u00e9cid\u00e9 \u00e0 une quasi-unanimit\u00e9 de retenir la date du 2 juin. Reste \u00e0 d\u00e9terminer le m\u00e9canisme pour r\u00e9gler la question de la participation des candidats \u00bb, a confirm\u00e9 Babacar Gaye, l\u2019un des membres de ladite commission, \u00e0 nos confr\u00e8res de l\u2019APS.<\/p>\n<p>Le repr\u00e9sentant de \u00ab Suxali \u00bb (renaissance), un mouvement politique issu du Parti d\u00e9mocratique s\u00e9n\u00e9galais (PDS), a \u00e9galement soulign\u00e9 que les 19 candidats d\u00e9j\u00e0 retenus par le Conseil constitutionnel devraient participer \u00e0 l\u2019\u00e9lection, poursuit l\u2019agence. Cette derni\u00e8re ajoute que leur interlocuteur a aussi fait savoir qu\u2019il \u00e9tait n\u00e9cessaire de trouver un moyen d\u2019int\u00e9grer les autres candidats non retenus par le Conseil constitutionnel.<\/p>\n<p>S\u2019agissant de la gestion de la p\u00e9riode post-2 avril co\u00efncidant \u00e0 la fin du mandat du pr\u00e9sident Macky Sall, les participants ont propos\u00e9 que l\u2019actuel chef de l\u2019\u00c9tat assure la transition jusqu\u2019\u00e0 l\u2019installation de son successeur.<\/p>\n<p>Macky Sall, pr\u00e9sident du S\u00e9n\u00e9gal depuis 2012, a r\u00e9affirm\u00e9, hier, son intention de quitter le pouvoir le 2 avril, affirmant \u00ab qu\u2019il en a assez. \u00bb Sans \u00e9lection pr\u00e9sidentielle, le pays se retrouverait ainsi dans une impasse cons\u00e9cutive \u00e0 la vacance du pouvoir. Le Conseil constitutionnel, ultime recours dans le processus \u00e9lectoral, devra ainsi trancher pour organiser la gestion du pouvoir jusqu\u2019\u00e0 la prise de fonction du nouveau chef de l\u2019Etat.<\/p>\n<p>ARD\/ac\/APA<\/p>\n","protected":false},"excerpt":{"rendered":"<p>Le premier tour du scrutin, initialement programm\u00e9 pour le 25 f\u00e9vrier dernier, devrait pouvoir se tenir \u00e0 cette date selon les conclusions du dialogue national initi\u00e9 par Macky Sall. Le premier tour de l\u2019\u00e9lection pr\u00e9sidentielle se tiendra-t-il le 2 juin prochain ? C\u2019est la volont\u00e9 des diff\u00e9rents acteurs qui ont particip\u00e9, les 26 et 27 &hellip;<\/p>\n","protected":false},"author":2,"featured_media":8594,"comment_status":"open","ping_status":"open","sticky":false,"template":"","format":"standard","meta":{"footnotes":""},"categories":[18,29],"tags":[],"class_list":["post-8593","post","type-post","status-publish","format-standard","has-post-thumbnail","hentry","category-actualites","category-monde"],"_links":{"self":[{"href":"https:\/\/ladepeche.mr\/index.php?rest_route=\/wp\/v2\/posts\/8593","targetHints":{"allow":["GET"]}}],"collection":[{"href":"https:\/\/ladepeche.mr\/index.php?rest_route=\/wp\/v2\/posts"}],"about":[{"href":"https:\/\/ladepeche.mr\/index.php?rest_route=\/wp\/v2\/types\/post"}],"author":[{"embeddable":true,"href":"https:\/\/ladepeche.mr\/index.php?rest_route=\/wp\/v2\/users\/2"}],"replies":[{"embeddable":true,"href":"https:\/\/ladepeche.mr\/index.php?rest_route=%2Fwp%2Fv2%2Fcomments&post=8593"}],"version-history":[{"count":1,"href":"https:\/\/ladepeche.mr\/index.php?rest_route=\/wp\/v2\/posts\/8593\/revisions"}],"predecessor-version":[{"id":8595,"href":"https:\/\/ladepeche.mr\/index.php?rest_route=\/wp\/v2\/posts\/8593\/revisions\/8595"}],"wp:featuredmedia":[{"embeddable":true,"href":"https:\/\/ladepeche.mr\/index.php?rest_route=\/wp\/v2\/media\/8594"}],"wp:attachment":[{"href":"https:\/\/ladepeche.mr\/index.php?rest_route=%2Fwp%2Fv2%2Fmedia&parent=8593"}],"wp:term":[{"taxonomy":"category","embeddable":true,"href":"https:\/\/ladepeche.mr\/index.php?rest_route=%2Fwp%2Fv2%2Fcategories&post=8593"},{"taxonomy":"post_tag","embeddable":true,"href":"https:\/\/ladepeche.mr\/index.php?rest_route=%2Fwp%2Fv2%2Ftags&post=8593"}],"curies":[{"name":"wp","href":"https:\/\/api.w.org\/{rel}","templated":true}]}}