{"id":8639,"date":"2024-03-01T09:16:10","date_gmt":"2024-03-01T09:16:10","guid":{"rendered":"https:\/\/ladepeche.mr\/?p=8639"},"modified":"2024-03-01T09:16:46","modified_gmt":"2024-03-01T09:16:46","slug":"lancement-du-projet-dassociation-des-femmes-et-des-filles-a-la-prise-de-decision-au-sein-des-institutions-et-mecanismes-de-gestion-des-conflits","status":"publish","type":"post","link":"https:\/\/ladepeche.mr\/?p=8639","title":{"rendered":"Lancement du projet d\u2019association des femmes et des filles \u00e0 la prise de d\u00e9cision au sein des institutions et m\u00e9canismes de gestion des conflits"},"content":{"rendered":"<p>Le secr\u00e9taire g\u00e9n\u00e9ral du minist\u00e8re de l\u2019Economie et du D\u00e9veloppement Durable, par int\u00e9rim, M. Yeslam Hamdane, a supervis\u00e9, jeudi \u00e0 Nouakchott, le d\u00e9marrage d&#8217;un atelier de lancement d\u2019un projet visant \u00e0 promouvoir une plus grande association des femmes et des filles \u00e0 tous les niveaux de prise de d\u00e9cision au sein des institutions et m\u00e9canismes de pr\u00e9vention et de gestion des conflits.<\/p>\n<p>Le projet vise \u00e0 promouvoir la participation des femmes et des filles \u00e0 la prise de d\u00e9cision au sein des institutions et des m\u00e9canismes de pr\u00e9vention et de gestion des conflits en Mauritanie, s\u2019attaquant directement aux obstacles juridiques en soutenant la r\u00e9forme des lois et des institutions, et en investissant dans le d\u00e9veloppement des comp\u00e9tences des femmes et des filles.<\/p>\n<p>S\u2019exprimant \u00e0 cette occasion, le secr\u00e9taire g\u00e9n\u00e9ral par int\u00e9rim a indiqu\u00e9 que la Mauritanie s&#8217;est engag\u00e9e depuis un certain temps \u00e0 promouvoir la place des femmes et des filles, \u00e0 travers l&#8217;adoption de lois garantissant leurs droits.<\/p>\n<p>Il a ajout\u00e9 que ces acquis n&#8217;auraient pas \u00e9t\u00e9 possibles sans la volont\u00e9 du Pr\u00e9sident de la R\u00e9publique d&#8217;impliquer les femmes dans tous les aspects de la vie politique, \u00e9conomique et sociale.<\/p>\n<p>Il a ajout\u00e9 que les femmes mauritaniennes ont prouv\u00e9 leur m\u00e9rite et leur volont\u00e9 d\u2019assumer les lourdes responsabilit\u00e9s qui incarnent la confiance et la sollicitude des plus hautes autorit\u00e9s du pays, en s\u2019engageant dans la voie de l\u2019\u00e9ducation et en participant \u00e0 la promotion, \u00e0 la protection et \u00e0 la d\u00e9fense de la soci\u00e9t\u00e9.<\/p>\n<p>M. Hamdane a \u00e9galement indiqu\u00e9 que le projet s&#8217;inscrit dans le cadre de la r\u00e9solution 1325 (2000) du Conseil de s\u00e9curit\u00e9 des Nations Unies sur les femmes, la paix et la s\u00e9curit\u00e9, qui met l&#8217;accent sur la participation des femmes \u00e0 tous les niveaux de la prise de d\u00e9cision.<br \/>\nIl a \u00e9galement salu\u00e9 le soutien du Fonds pour la consolidation de la paix aux efforts de d\u00e9veloppement en Mauritanie et a exprim\u00e9 ses remerciements au syst\u00e8me des Nations Unies en g\u00e9n\u00e9ral et au Fonds pour la consolidation de la paix en particulier pour leur soutien constant aux programmes de d\u00e9veloppement du pays au service de la stabilit\u00e9 et du d\u00e9veloppement. <\/p>\n<p>Pour sa part, la porte-parole du syst\u00e8me des Nations Unies en Mauritanie, Mme Nazia Chotia, a d\u00e9clar\u00e9 que ce projet vise \u00e0 promouvoir l\u2019inclusion des filles dans le processus de prise de d\u00e9cision, en particulier, dans les domaines politique et judiciaire, et \u00e0 renforcer les m\u00e9canismes de pr\u00e9vention en Mauritanie.<br \/>\nSource MEcDD<\/p>\n","protected":false},"excerpt":{"rendered":"<p>Le secr\u00e9taire g\u00e9n\u00e9ral du minist\u00e8re de l\u2019Economie et du D\u00e9veloppement Durable, par int\u00e9rim, M. Yeslam Hamdane, a supervis\u00e9, jeudi \u00e0 Nouakchott, le d\u00e9marrage d&#8217;un atelier de lancement d\u2019un projet visant \u00e0 promouvoir une plus grande association des femmes et des filles \u00e0 tous les niveaux de prise de d\u00e9cision au sein des institutions et m\u00e9canismes &hellip;<\/p>\n","protected":false},"author":2,"featured_media":0,"comment_status":"open","ping_status":"open","sticky":false,"template":"","format":"standard","meta":{"footnotes":""},"categories":[18,15],"tags":[],"class_list":["post-8639","post","type-post","status-publish","format-standard","hentry","category-actualites","category-culture"],"_links":{"self":[{"href":"https:\/\/ladepeche.mr\/index.php?rest_route=\/wp\/v2\/posts\/8639","targetHints":{"allow":["GET"]}}],"collection":[{"href":"https:\/\/ladepeche.mr\/index.php?rest_route=\/wp\/v2\/posts"}],"about":[{"href":"https:\/\/ladepeche.mr\/index.php?rest_route=\/wp\/v2\/types\/post"}],"author":[{"embeddable":true,"href":"https:\/\/ladepeche.mr\/index.php?rest_route=\/wp\/v2\/users\/2"}],"replies":[{"embeddable":true,"href":"https:\/\/ladepeche.mr\/index.php?rest_route=%2Fwp%2Fv2%2Fcomments&post=8639"}],"version-history":[{"count":2,"href":"https:\/\/ladepeche.mr\/index.php?rest_route=\/wp\/v2\/posts\/8639\/revisions"}],"predecessor-version":[{"id":8641,"href":"https:\/\/ladepeche.mr\/index.php?rest_route=\/wp\/v2\/posts\/8639\/revisions\/8641"}],"wp:attachment":[{"href":"https:\/\/ladepeche.mr\/index.php?rest_route=%2Fwp%2Fv2%2Fmedia&parent=8639"}],"wp:term":[{"taxonomy":"category","embeddable":true,"href":"https:\/\/ladepeche.mr\/index.php?rest_route=%2Fwp%2Fv2%2Fcategories&post=8639"},{"taxonomy":"post_tag","embeddable":true,"href":"https:\/\/ladepeche.mr\/index.php?rest_route=%2Fwp%2Fv2%2Ftags&post=8639"}],"curies":[{"name":"wp","href":"https:\/\/api.w.org\/{rel}","templated":true}]}}