{"id":8644,"date":"2024-03-02T16:14:29","date_gmt":"2024-03-02T16:14:29","guid":{"rendered":"https:\/\/ladepeche.mr\/?p=8644"},"modified":"2024-03-03T14:23:27","modified_gmt":"2024-03-03T14:23:27","slug":"finances-publiques-guerre-de-clans","status":"publish","type":"post","link":"https:\/\/ladepeche.mr\/?p=8644","title":{"rendered":"Finances publiques: guerre de clans!"},"content":{"rendered":"<p>La toile s\u2019enflamme depuis quelques jours suite \u00e0 la sortie d&#8217;une ONG, \u00ab Transparence int\u00e9grale \u00bb dont certains responsables accusent, sans d\u00e9tour, le r\u00e9gime actuel de favoriser la mauvaise gestion des march\u00e9s publics notamment via la prolif\u00e9ration de march\u00e9s d\u2019entente directe qui auraient co\u00fbt\u00e9 des milliards pour le tr\u00e9sor public.<br \/>\nL\u2019ONG estime, en effet, qu&#8217;un recours aux march\u00e9s d\u2019entente directe s&#8217;est aggrav\u00e9 et serait concomitant de l\u2019accession de l\u2019actuel pr\u00e9sident au pouvoir. Ces march\u00e9s auraient atteint des pics incontr\u00f4l\u00e9s. Les montants des march\u00e9s pass\u00e9s en entente directe se pr\u00e9senteraient ainsi selon l\u2019ONG: 75 milliards d\u2019ouguiyas en 2020, 109 milliards en 2021 et 129 milliards en 2022.<br \/>\nDepuis cette sortie de l\u2019ONG, les experts des march\u00e9s publics s\u2019\u00e9charpent sur la toile, parfois de mani\u00e8re v\u00e9h\u00e9mente, quant aux motivations r\u00e9elles de la d\u00e9claration de l\u2019ONG en question. Des d\u00e9clarations qui ne laissent donc pas indiff\u00e9rents notamment \u00e0 l\u2019Autorit\u00e9 de R\u00e9gulation des March\u00e9s Publics (ARMP). En effet, El Hadrami Ould Abdseelam, un expert en passation des march\u00e9s, est mont\u00e9 au cr\u00e9neau pour d\u00e9nigrer la version de la d\u00e9claration de l\u2019ONG y voyant m\u00eame une manipulation \u00abmalsaine \u00bb. Il exhibe les statistiques et conclut contrairement aux all\u00e9gations de l\u2019ONG \u00e0 une baisse drastique de ce genre de march\u00e9s qu\u2019il situe \u00e0 moins de 10% aujourd\u2019hui et remplissant les exigences l\u00e9gales. L\u2019expert de l\u2019ARMP a, par ailleurs, mis en garde contre les conclusions h\u00e2tives de personnes et structures dans l\u2019interpr\u00e9tation de r\u00e8gles qu\u2019elles ne ma\u00eetriseraient pas tant en ce qui concerne la nature que en ce qui porte sur les conditions de passation de march\u00e9s publics.<br \/>\nForm\u00e9e d\u2019anciens s\u00e9nateurs (ceux qui avaient eu maille \u00e0 partir avec l\u2019ancien pr\u00e9sident Aziz) reconvertis en \u00ab limiers \u00bb du contr\u00f4le des deniers publics, l\u2019ONG \u00ab Transparence Int\u00e9grale \u00bb est cependant soup\u00e7onn\u00e9e s&#8217;immiscer dans \u00ab une concurrence d\u00e9loyale \u00bb entre grosses fortunes et de vouloir ainsi \u00abr\u00e9gler de vieux comptes\u00bb avec un certain groupe \u00e9conomique. L\u2019ONG est notamment soup\u00e7onn\u00e9e de &#8220;faillir aux r\u00e8gles du contr\u00f4le citoyen et de profiter de son statut&#8221; de membre de la soci\u00e9t\u00e9 civile pour d\u00e9nigrer certains hommes d\u2019affaires pour le compte d\u2019autres.<br \/>\nSes adversaires notent pour preuve son \u00abacharnement\u00bb contre les int\u00e9r\u00eats du groupe \u00e9conomique du pr\u00e9sident actuel du patronat mauritanien.<\/p>\n","protected":false},"excerpt":{"rendered":"<p>La toile s\u2019enflamme depuis quelques jours suite \u00e0 la sortie d&#8217;une ONG, \u00ab Transparence int\u00e9grale \u00bb dont certains responsables accusent, sans d\u00e9tour, le r\u00e9gime actuel de favoriser la mauvaise gestion des march\u00e9s publics notamment via la prolif\u00e9ration de march\u00e9s d\u2019entente directe qui auraient co\u00fbt\u00e9 des milliards pour le tr\u00e9sor public. L\u2019ONG estime, en effet, qu&#8217;un &hellip;<\/p>\n","protected":false},"author":2,"featured_media":8645,"comment_status":"open","ping_status":"open","sticky":false,"template":"","format":"standard","meta":{"footnotes":""},"categories":[18,2],"tags":[],"class_list":["post-8644","post","type-post","status-publish","format-standard","has-post-thumbnail","hentry","category-actualites","category-economie"],"_links":{"self":[{"href":"https:\/\/ladepeche.mr\/index.php?rest_route=\/wp\/v2\/posts\/8644","targetHints":{"allow":["GET"]}}],"collection":[{"href":"https:\/\/ladepeche.mr\/index.php?rest_route=\/wp\/v2\/posts"}],"about":[{"href":"https:\/\/ladepeche.mr\/index.php?rest_route=\/wp\/v2\/types\/post"}],"author":[{"embeddable":true,"href":"https:\/\/ladepeche.mr\/index.php?rest_route=\/wp\/v2\/users\/2"}],"replies":[{"embeddable":true,"href":"https:\/\/ladepeche.mr\/index.php?rest_route=%2Fwp%2Fv2%2Fcomments&post=8644"}],"version-history":[{"count":2,"href":"https:\/\/ladepeche.mr\/index.php?rest_route=\/wp\/v2\/posts\/8644\/revisions"}],"predecessor-version":[{"id":8661,"href":"https:\/\/ladepeche.mr\/index.php?rest_route=\/wp\/v2\/posts\/8644\/revisions\/8661"}],"wp:featuredmedia":[{"embeddable":true,"href":"https:\/\/ladepeche.mr\/index.php?rest_route=\/wp\/v2\/media\/8645"}],"wp:attachment":[{"href":"https:\/\/ladepeche.mr\/index.php?rest_route=%2Fwp%2Fv2%2Fmedia&parent=8644"}],"wp:term":[{"taxonomy":"category","embeddable":true,"href":"https:\/\/ladepeche.mr\/index.php?rest_route=%2Fwp%2Fv2%2Fcategories&post=8644"},{"taxonomy":"post_tag","embeddable":true,"href":"https:\/\/ladepeche.mr\/index.php?rest_route=%2Fwp%2Fv2%2Ftags&post=8644"}],"curies":[{"name":"wp","href":"https:\/\/api.w.org\/{rel}","templated":true}]}}