{"id":8688,"date":"2024-03-06T11:51:29","date_gmt":"2024-03-06T11:51:29","guid":{"rendered":"https:\/\/ladepeche.mr\/?p=8688"},"modified":"2024-03-06T11:51:29","modified_gmt":"2024-03-06T11:51:29","slug":"oci-le-president-de-lan-mohamed-ould-meguett-qualifie-de-crimes-odieux-les-massacres-de-gazaouis-par-larmee-israelienne","status":"publish","type":"post","link":"https:\/\/ladepeche.mr\/?p=8688","title":{"rendered":"OCI: le pr\u00e9sident de l&#8217;AN, Mohamed Ould Meguett, qualifie de &#8220;crimes odieux&#8221; les massacres de gazaouis par l&#8217;arm\u00e9e isra\u00e9lienne"},"content":{"rendered":"<p>Le Pr\u00e9sident de l\u2019Assembl\u00e9e nationale mauritanien, Mohamed Bamba Ould Meguett, a qualifi\u00e9 les massacres perp\u00e9tr\u00e9s contre les palestiniens \u00e0 Gaza de &#8220;crimes odieux&#8221; et appel\u00e9 \u00e0 un cessez-le-feu imm\u00e9diat et d\u00e9finitif afin d&#8217;apporter un secourir aux populations palestiniennes rescap\u00e9es.<br \/>\nLe pr\u00e9sident de l&#8217;Assembl\u00e9e nationale qui s&#8217;exprimait \u00e0 l&#8217;occasion de l&#8217;ouverture de la 18e Conf\u00e9rence de l&#8217;Union parlementaire des Etats membres de l&#8217;Organisation de la coop\u00e9ration islamique (UPCI) , \u00e0 Abidjan, en C\u00f4te d\u2019Ivoire, a exhorter les parlements dans les pays musulmans \u00e0 s&#8217;insurger et s&#8217;indigner contre cette &#8220;situation tragique dans la bande de Gaza&#8221;.<br \/>\nDans son discours adress\u00e9 \u00e0 ses pairs de la Oumma Islamique, le pr\u00e9sident de l&#8217;AN, le pr\u00e9sident de l\u2019Assembl\u00e9e Nationale a rappel\u00e9 les circonstances critiques de la session en raison de &#8220;l\u2019ampleur des d\u00e9fis politiques, \u00e9conomiques, sociaux, s\u00e9curitaires et environnementaux auxquels est confront\u00e9e la Oumma islamique&#8221;. Il a, \u00e0 cet \u00e9gard, exhort\u00e9  \u00e0 redynamiser &#8220;une action solidaire effective et une coop\u00e9ration s\u00e9rieuse pour activer l\u2019action parlementaire commune&#8221;.<\/p>\n","protected":false},"excerpt":{"rendered":"<p>Le Pr\u00e9sident de l\u2019Assembl\u00e9e nationale mauritanien, Mohamed Bamba Ould Meguett, a qualifi\u00e9 les massacres perp\u00e9tr\u00e9s contre les palestiniens \u00e0 Gaza de &#8220;crimes odieux&#8221; et appel\u00e9 \u00e0 un cessez-le-feu imm\u00e9diat et d\u00e9finitif afin d&#8217;apporter un secourir aux populations palestiniennes rescap\u00e9es. Le pr\u00e9sident de l&#8217;Assembl\u00e9e nationale qui s&#8217;exprimait \u00e0 l&#8217;occasion de l&#8217;ouverture de la 18e Conf\u00e9rence de &hellip;<\/p>\n","protected":false},"author":2,"featured_media":8689,"comment_status":"open","ping_status":"open","sticky":false,"template":"","format":"standard","meta":{"footnotes":""},"categories":[18,29],"tags":[],"class_list":["post-8688","post","type-post","status-publish","format-standard","has-post-thumbnail","hentry","category-actualites","category-monde"],"_links":{"self":[{"href":"https:\/\/ladepeche.mr\/index.php?rest_route=\/wp\/v2\/posts\/8688","targetHints":{"allow":["GET"]}}],"collection":[{"href":"https:\/\/ladepeche.mr\/index.php?rest_route=\/wp\/v2\/posts"}],"about":[{"href":"https:\/\/ladepeche.mr\/index.php?rest_route=\/wp\/v2\/types\/post"}],"author":[{"embeddable":true,"href":"https:\/\/ladepeche.mr\/index.php?rest_route=\/wp\/v2\/users\/2"}],"replies":[{"embeddable":true,"href":"https:\/\/ladepeche.mr\/index.php?rest_route=%2Fwp%2Fv2%2Fcomments&post=8688"}],"version-history":[{"count":1,"href":"https:\/\/ladepeche.mr\/index.php?rest_route=\/wp\/v2\/posts\/8688\/revisions"}],"predecessor-version":[{"id":8690,"href":"https:\/\/ladepeche.mr\/index.php?rest_route=\/wp\/v2\/posts\/8688\/revisions\/8690"}],"wp:featuredmedia":[{"embeddable":true,"href":"https:\/\/ladepeche.mr\/index.php?rest_route=\/wp\/v2\/media\/8689"}],"wp:attachment":[{"href":"https:\/\/ladepeche.mr\/index.php?rest_route=%2Fwp%2Fv2%2Fmedia&parent=8688"}],"wp:term":[{"taxonomy":"category","embeddable":true,"href":"https:\/\/ladepeche.mr\/index.php?rest_route=%2Fwp%2Fv2%2Fcategories&post=8688"},{"taxonomy":"post_tag","embeddable":true,"href":"https:\/\/ladepeche.mr\/index.php?rest_route=%2Fwp%2Fv2%2Ftags&post=8688"}],"curies":[{"name":"wp","href":"https:\/\/api.w.org\/{rel}","templated":true}]}}