{"id":8722,"date":"2024-03-07T10:02:55","date_gmt":"2024-03-07T10:02:55","guid":{"rendered":"https:\/\/ladepeche.mr\/?p=8722"},"modified":"2024-03-07T10:02:55","modified_gmt":"2024-03-07T10:02:55","slug":"ramadan-observation-du-croissant-lunaire-dimanche-soir","status":"publish","type":"post","link":"https:\/\/ladepeche.mr\/?p=8722","title":{"rendered":"Ramadan: Observation du croissant lunaire dimanche soir"},"content":{"rendered":"<p>La Commission nationale d\u2019observation du croissant lunaire a appel\u00e9 tous les Mauritaniens \u00e0 v\u00e9rifier l\u2019observation du croissant de lune du mois sacr\u00e9 de Ramadan pour l\u2019ann\u00e9e 1445 de l\u2019h\u00e9gire le dimanche soir, 29 Chaabane, correspondant au 10 mars 2024.<\/p>\n<p>Dans un communiqu\u00e9, la Commission a appel\u00e9 les Mauritaniens \u00e0 lui signaler l\u2019observation \u00e0 travers ses commissions r\u00e9gionales et locales (dans les chefs- lieux de wilayas et de moughatas) du croissant lunaire \u00e0 l\u2019int\u00e9rieur du pays, ou \u00e0 la contacter directement via le num\u00e9ro de t\u00e9l\u00e9phone gratuit 80003003.<br \/>\nAmi<\/p>\n","protected":false},"excerpt":{"rendered":"<p>La Commission nationale d\u2019observation du croissant lunaire a appel\u00e9 tous les Mauritaniens \u00e0 v\u00e9rifier l\u2019observation du croissant de lune du mois sacr\u00e9 de Ramadan pour l\u2019ann\u00e9e 1445 de l\u2019h\u00e9gire le dimanche soir, 29 Chaabane, correspondant au 10 mars 2024. Dans un communiqu\u00e9, la Commission a appel\u00e9 les Mauritaniens \u00e0 lui signaler l\u2019observation \u00e0 travers ses &hellip;<\/p>\n","protected":false},"author":2,"featured_media":8723,"comment_status":"open","ping_status":"open","sticky":false,"template":"","format":"standard","meta":{"footnotes":""},"categories":[18,15],"tags":[],"class_list":["post-8722","post","type-post","status-publish","format-standard","has-post-thumbnail","hentry","category-actualites","category-culture"],"_links":{"self":[{"href":"https:\/\/ladepeche.mr\/index.php?rest_route=\/wp\/v2\/posts\/8722","targetHints":{"allow":["GET"]}}],"collection":[{"href":"https:\/\/ladepeche.mr\/index.php?rest_route=\/wp\/v2\/posts"}],"about":[{"href":"https:\/\/ladepeche.mr\/index.php?rest_route=\/wp\/v2\/types\/post"}],"author":[{"embeddable":true,"href":"https:\/\/ladepeche.mr\/index.php?rest_route=\/wp\/v2\/users\/2"}],"replies":[{"embeddable":true,"href":"https:\/\/ladepeche.mr\/index.php?rest_route=%2Fwp%2Fv2%2Fcomments&post=8722"}],"version-history":[{"count":1,"href":"https:\/\/ladepeche.mr\/index.php?rest_route=\/wp\/v2\/posts\/8722\/revisions"}],"predecessor-version":[{"id":8724,"href":"https:\/\/ladepeche.mr\/index.php?rest_route=\/wp\/v2\/posts\/8722\/revisions\/8724"}],"wp:featuredmedia":[{"embeddable":true,"href":"https:\/\/ladepeche.mr\/index.php?rest_route=\/wp\/v2\/media\/8723"}],"wp:attachment":[{"href":"https:\/\/ladepeche.mr\/index.php?rest_route=%2Fwp%2Fv2%2Fmedia&parent=8722"}],"wp:term":[{"taxonomy":"category","embeddable":true,"href":"https:\/\/ladepeche.mr\/index.php?rest_route=%2Fwp%2Fv2%2Fcategories&post=8722"},{"taxonomy":"post_tag","embeddable":true,"href":"https:\/\/ladepeche.mr\/index.php?rest_route=%2Fwp%2Fv2%2Ftags&post=8722"}],"curies":[{"name":"wp","href":"https:\/\/api.w.org\/{rel}","templated":true}]}}