{"id":8732,"date":"2024-03-07T11:54:34","date_gmt":"2024-03-07T11:54:34","guid":{"rendered":"https:\/\/ladepeche.mr\/?p=8732"},"modified":"2024-03-07T11:54:34","modified_gmt":"2024-03-07T11:54:34","slug":"senegal-lelection-presidentielle-aura-lieu-le-24-mars-dit-le-gouvernement","status":"publish","type":"post","link":"https:\/\/ladepeche.mr\/?p=8732","title":{"rendered":"S\u00e9n\u00e9gal-L&#8217;\u00e9lection pr\u00e9sidentielle aura lieu le 24 mars, dit le gouvernement"},"content":{"rendered":"<p>Alors que le mandat de Macky Sall doit prendre fin le 2 avril, les S\u00e9n\u00e9galais seront appel\u00e9s aux urnes le 24 mars prochain.<\/p>\n<p>La date est enfin connue. Apr\u00e8s la d\u00e9cision du Conseil constitutionnel demandant la tenue de la pr\u00e9sidentielle avant la fin du mandat de Macky Sall le 2 avril, le premier tour aura lieu le 24 mars, a annonc\u00e9 le porte-parole de la pr\u00e9sidence s\u00e9n\u00e9galaise.<br \/>\nBFMTV via cridem<\/p>\n","protected":false},"excerpt":{"rendered":"<p>Alors que le mandat de Macky Sall doit prendre fin le 2 avril, les S\u00e9n\u00e9galais seront appel\u00e9s aux urnes le 24 mars prochain. La date est enfin connue. Apr\u00e8s la d\u00e9cision du Conseil constitutionnel demandant la tenue de la pr\u00e9sidentielle avant la fin du mandat de Macky Sall le 2 avril, le premier tour aura &hellip;<\/p>\n","protected":false},"author":2,"featured_media":8733,"comment_status":"open","ping_status":"open","sticky":false,"template":"","format":"standard","meta":{"footnotes":""},"categories":[18,29],"tags":[],"class_list":["post-8732","post","type-post","status-publish","format-standard","has-post-thumbnail","hentry","category-actualites","category-monde"],"_links":{"self":[{"href":"https:\/\/ladepeche.mr\/index.php?rest_route=\/wp\/v2\/posts\/8732","targetHints":{"allow":["GET"]}}],"collection":[{"href":"https:\/\/ladepeche.mr\/index.php?rest_route=\/wp\/v2\/posts"}],"about":[{"href":"https:\/\/ladepeche.mr\/index.php?rest_route=\/wp\/v2\/types\/post"}],"author":[{"embeddable":true,"href":"https:\/\/ladepeche.mr\/index.php?rest_route=\/wp\/v2\/users\/2"}],"replies":[{"embeddable":true,"href":"https:\/\/ladepeche.mr\/index.php?rest_route=%2Fwp%2Fv2%2Fcomments&post=8732"}],"version-history":[{"count":1,"href":"https:\/\/ladepeche.mr\/index.php?rest_route=\/wp\/v2\/posts\/8732\/revisions"}],"predecessor-version":[{"id":8734,"href":"https:\/\/ladepeche.mr\/index.php?rest_route=\/wp\/v2\/posts\/8732\/revisions\/8734"}],"wp:featuredmedia":[{"embeddable":true,"href":"https:\/\/ladepeche.mr\/index.php?rest_route=\/wp\/v2\/media\/8733"}],"wp:attachment":[{"href":"https:\/\/ladepeche.mr\/index.php?rest_route=%2Fwp%2Fv2%2Fmedia&parent=8732"}],"wp:term":[{"taxonomy":"category","embeddable":true,"href":"https:\/\/ladepeche.mr\/index.php?rest_route=%2Fwp%2Fv2%2Fcategories&post=8732"},{"taxonomy":"post_tag","embeddable":true,"href":"https:\/\/ladepeche.mr\/index.php?rest_route=%2Fwp%2Fv2%2Ftags&post=8732"}],"curies":[{"name":"wp","href":"https:\/\/api.w.org\/{rel}","templated":true}]}}