{"id":8735,"date":"2024-03-07T13:46:10","date_gmt":"2024-03-07T13:46:10","guid":{"rendered":"https:\/\/ladepeche.mr\/?p=8735"},"modified":"2024-03-07T14:04:42","modified_gmt":"2024-03-07T14:04:42","slug":"maghreb-apres-sa-mort-clinique-est-ce-le-coup-de-grace","status":"publish","type":"post","link":"https:\/\/ladepeche.mr\/?p=8735","title":{"rendered":"Maghreb : Apr\u00e8s sa mort clinique, est-ce le coup de gr\u00e2ce?!"},"content":{"rendered":"<p>L\u2019implosion est-elle d\u00e9sormais programm\u00e9e pour l\u2019UMA?! Comme le reste du monde, la r\u00e9gion n\u2019\u00e9chappe pas au renouveau du clivage Est-Ouest.<br \/>\nSous l\u2019impulsion de l\u2019Alg\u00e9rie qui en est l\u2019instigatrice, un regroupement tripartie form\u00e9 de la Tunisie, de la Libye et bien s\u00fbr de l\u2019Alg\u00e9rie, se fraye un chemin pour fonder une nouvelle alliance au sein de la r\u00e9gion du Maghreb Arabe.<br \/>\nLa d\u00e9cision nourrie depuis toujours pour isoler le Maroc sur cet ensemble a d\u00e9finitivement \u00e9clos  \u00e0 l\u2019issue des travaux du septi\u00e8me sommet du Forum des pays exportateurs de gaz (GECF) qui s\u2019est tenu ce samedi 2 mars 2024 \u00e0 Alger. Autour et sous la houlette du pr\u00e9sident Alg\u00e9rien, se sont \u00e9galement rassembl\u00e9s les pr\u00e9sidents Tunisien, Kais Saied, et Libyen, Mohamed Younes El-Menfi. Le pr\u00e9sident Mauritanien quoique pr\u00e9sent n\u2019a pas particip\u00e9 \u00e0 cette r\u00e9union dont l\u2019objectif souligne un communiqu\u00e9 de la pr\u00e9sidence Alg\u00e9rienne, est de discuter \u00ab des conditions qui pr\u00e9valent dans la r\u00e9gion du Maghreb \u00bb avant de pr\u00e9ciser que \u00ab la r\u00e9union s\u2019est conclue sur la n\u00e9cessit\u00e9 d\u2019intensifier et d\u2019unifier les efforts pour faire face aux d\u00e9fis \u00e9conomiques et s\u00e9curitaires d\u2019une mani\u00e8re qui b\u00e9n\u00e9ficiera positivement aux peuples des trois pays\u00bb. Une premi\u00e8re rencontre entre ce trio serait pr\u00e9vue pour l\u2019apr\u00e8s-ramadan qui pointe d\u00e9j\u00e0.<\/p>\n<p><strong>Alg\u00e9rie-Maroc, la guerre froide continue<\/strong><br \/>\nSi l\u2019objectif du pr\u00e9sident Alg\u00e9rien, Abdelmejid Tebboune, semble d\u2019isoler le Maroc en formant cette nouvelle alliance, \u00e0 trois, il \u00e9carte upso facto encore la Mauritanie de ce rassemblement. L\u2019initiative est per\u00e7ue comme le coup de gr\u00e2ce \u00e0 l\u2019organisation agonisante de l\u2019Union du Maghreb Arabe, mise en place en 1989 dans l\u2019espoir de fonder un bloc r\u00e9gional politiquement et \u00e9conomiquement viable pour une population de plus de 100 millions d\u2019habitants. Il n\u2019en fut rien car la relation Alg\u00e9ro-marocaine minait l\u2019organisation de l\u2019int\u00e9rieur. Et malgr\u00e9 la mise en place de structures moribondes, le conseil des Chefs d\u2019Etats de l\u2019organisation ne s\u2019est plus r\u00e9uni depuis 1994. Le diff\u00e9rend au sujet du Sahara Occidental entre le Maroc et l\u2019Alg\u00e9rie envenime d\u00e9j\u00e0 leur relation bilat\u00e9rale. Par ailleurs, le succ\u00e8s diplomatique de l\u2019offre marocaine de souverainet\u00e9 \u00e9largie dans les zones sahariennes dans lesquelles les ambassades et consulats de nombreux pays ont \u00e9lu r\u00e9sidences irrite de plus en plus la partie alg\u00e9rienne.<br \/>\nC\u2019est un secret de polichinelle de dire que l\u2019Alg\u00e9rie est un prolongement de l\u2019ancien bloc de l\u2019Est qui se reconstitue. Les vieux d\u00e9mons sont ressuscit\u00e9s \u00e0 l\u2019occasion de la guerre en Ukraine et par l\u2019instabilit\u00e9 politique au Sahel. C\u2019est un peu pour ces deux pays, la goutte qui fait d\u00e9border le vase. Le paradoxe qui en fait n\u2019en est pas un est de voir que le nouveau rassemblement qui sonne le glas pour l\u2019organisation commune a \u00e9t\u00e9 boost\u00e9 par l\u2019adh\u00e9sion de la Tunisie et de la Libye au projet du pr\u00e9sident Abdelmelid Tebboune.<br \/>\nEn 2021, l\u2019Alg\u00e9rie on se le rappelle avait unilat\u00e9ralement suite \u00e0 des actes qu\u2019elle pr\u00e9tend lui \u00eatre \u00ab hostiles \u00bb de rompre ses relations diplomatiques avec le royaume Ch\u00e9rfien livrant l\u2019organisation \u00e0 de nouvelles incertitudes politiques et s\u00e9curitaires. C\u2019est donc aujourd\u2019hui le retour case-d\u00e9part dans la relation tumultueuse entre nos deux grands voisins. Les autorit\u00e9s mauritaniennes, en tout cas, ont jusqu\u2019ici r\u00e9ussi un v\u00e9ritable exercice d\u2019\u00e9quilibrisme entre les deux \u00ab fr\u00e8res ennemis\u00bb. Cette posture salvatrice, privil\u00e9giant, depuis quelques temps d\u00e9j\u00e0, la relation cordiale avec les deux pays, dans un cadre bilat\u00e9ral, pour \u00e9viter justement d\u2019\u00eatre prise entre leurs feux nourris au sein de l\u2019UMA ou de devoir prendre une position conflictuelle avec qui que ce soit. Un pragmatisme diplomatique, qui m\u00eame s\u2019il ne l\u2019\u00e9pargne pas toujours de la sollicitation, lui \u00e9vite de devoir s\u2019engouffrer au sein de cette bipolarisation.<br \/>\nJD<\/p>\n","protected":false},"excerpt":{"rendered":"<p>L\u2019implosion est-elle d\u00e9sormais programm\u00e9e pour l\u2019UMA?! Comme le reste du monde, la r\u00e9gion n\u2019\u00e9chappe pas au renouveau du clivage Est-Ouest. Sous l\u2019impulsion de l\u2019Alg\u00e9rie qui en est l\u2019instigatrice, un regroupement tripartie form\u00e9 de la Tunisie, de la Libye et bien s\u00fbr de l\u2019Alg\u00e9rie, se fraye un chemin pour fonder une nouvelle alliance au sein de &hellip;<\/p>\n","protected":false},"author":2,"featured_media":8736,"comment_status":"open","ping_status":"open","sticky":false,"template":"","format":"standard","meta":{"footnotes":""},"categories":[18,29],"tags":[],"class_list":["post-8735","post","type-post","status-publish","format-standard","has-post-thumbnail","hentry","category-actualites","category-monde"],"_links":{"self":[{"href":"https:\/\/ladepeche.mr\/index.php?rest_route=\/wp\/v2\/posts\/8735","targetHints":{"allow":["GET"]}}],"collection":[{"href":"https:\/\/ladepeche.mr\/index.php?rest_route=\/wp\/v2\/posts"}],"about":[{"href":"https:\/\/ladepeche.mr\/index.php?rest_route=\/wp\/v2\/types\/post"}],"author":[{"embeddable":true,"href":"https:\/\/ladepeche.mr\/index.php?rest_route=\/wp\/v2\/users\/2"}],"replies":[{"embeddable":true,"href":"https:\/\/ladepeche.mr\/index.php?rest_route=%2Fwp%2Fv2%2Fcomments&post=8735"}],"version-history":[{"count":2,"href":"https:\/\/ladepeche.mr\/index.php?rest_route=\/wp\/v2\/posts\/8735\/revisions"}],"predecessor-version":[{"id":8743,"href":"https:\/\/ladepeche.mr\/index.php?rest_route=\/wp\/v2\/posts\/8735\/revisions\/8743"}],"wp:featuredmedia":[{"embeddable":true,"href":"https:\/\/ladepeche.mr\/index.php?rest_route=\/wp\/v2\/media\/8736"}],"wp:attachment":[{"href":"https:\/\/ladepeche.mr\/index.php?rest_route=%2Fwp%2Fv2%2Fmedia&parent=8735"}],"wp:term":[{"taxonomy":"category","embeddable":true,"href":"https:\/\/ladepeche.mr\/index.php?rest_route=%2Fwp%2Fv2%2Fcategories&post=8735"},{"taxonomy":"post_tag","embeddable":true,"href":"https:\/\/ladepeche.mr\/index.php?rest_route=%2Fwp%2Fv2%2Ftags&post=8735"}],"curies":[{"name":"wp","href":"https:\/\/api.w.org\/{rel}","templated":true}]}}