{"id":8738,"date":"2024-03-07T15:00:52","date_gmt":"2024-03-07T15:00:52","guid":{"rendered":"https:\/\/ladepeche.mr\/?p=8738"},"modified":"2024-03-07T13:54:57","modified_gmt":"2024-03-07T13:54:57","slug":"le-president-de-la-republique-a-boghe-pour-le-lancement-de-nombreuses-aep-dans-trois-wilayas-du-pays","status":"publish","type":"post","link":"https:\/\/ladepeche.mr\/?p=8738","title":{"rendered":"Le Pr\u00e9sident de la R\u00e9publique \u00e0 Bogh\u00e9 pour le lancement de nombreuses AEP dans trois wilayas du pays"},"content":{"rendered":"<p>Le Pr\u00e9sident de la R\u00e9publique, Monsieur Mohamed Ould Cheikh El Ghazouani, est arriv\u00e9 jeudi matin dans la ville de Bogh\u00e9, \u00e0 l\u2019entame d\u2019une visite au Brakna, au cours de laquelle il proc\u00e9dera au lancement de plusieurs adductions d\u2019eau potable au profit de dizaines de localit\u00e9s dans les wilayas du Brakna, du Tagant et de l\u2019Assaba.<\/p>\n<p>Le Pr\u00e9sident de la R\u00e9publique a \u00e9t\u00e9 accueilli \u00e0 sa descente d\u2019avion par le wali du Brakna, M. Mohamed Ould Saleck, le pr\u00e9sident du Conseil r\u00e9gional du Brakna, M. Moustapha Ould Mohamed Mahmoud, le hakem de Bogh\u00e9, Zine El Abidine Ould Cheikh, le maire de la commune, Ba Adama Moussa, et le Commandant de la 7\u00e8me R\u00e9gion militaire, le Colonel Mohamed Lemine Ould Bilal.<\/p>\n<p>Son Excellence a \u00e9galement \u00e9t\u00e9 re\u00e7ue \u00e0 l\u2019a\u00e9roport par les maires des communes de A\u00e9r\u00e9-Mbar et de Babab\u00e9, les d\u00e9put\u00e9s des moughataas de Bogh\u00e9 et de Babab\u00e9, ainsi que les responsables militaires et s\u00e9curitaires de la wilaya.<\/p>\n<p>Les populations du Brakna ont r\u00e9serv\u00e9 un accueil chaleureux et haut en couleurs au Pr\u00e9sident de la R\u00e9publique, comme en t\u00e9moigne le nombre des citoyens le long de l\u2019itin\u00e9raire du cort\u00e8ge pr\u00e9sidentiel, depuis la piste d\u2019atterrissage de l\u2019a\u00e9roport de Bogh\u00e9 jusqu\u2019au lieu de la c\u00e9r\u00e9monie de pose de la premi\u00e8re pierre dans la commune de A\u00e9r\u00e9-Mbar, dans la moughataa de Babab\u00e9.<\/p>\n<p>Lors de cet accueil, les citoyens ont port\u00e9 des portraits g\u00e9ants du Pr\u00e9sident de la R\u00e9publique et des banderoles louant les r\u00e9alisations accomplies ces derni\u00e8res ann\u00e9es au profit de toutes les moughataas de la wilaya en particulier et de toutes les wilayas du pays en g\u00e9n\u00e9ral.<br \/>\nAmi<\/p>\n","protected":false},"excerpt":{"rendered":"<p>Le Pr\u00e9sident de la R\u00e9publique, Monsieur Mohamed Ould Cheikh El Ghazouani, est arriv\u00e9 jeudi matin dans la ville de Bogh\u00e9, \u00e0 l\u2019entame d\u2019une visite au Brakna, au cours de laquelle il proc\u00e9dera au lancement de plusieurs adductions d\u2019eau potable au profit de dizaines de localit\u00e9s dans les wilayas du Brakna, du Tagant et de l\u2019Assaba. &hellip;<\/p>\n","protected":false},"author":2,"featured_media":8739,"comment_status":"open","ping_status":"open","sticky":false,"template":"","format":"standard","meta":{"footnotes":""},"categories":[18],"tags":[],"class_list":["post-8738","post","type-post","status-publish","format-standard","has-post-thumbnail","hentry","category-actualites"],"_links":{"self":[{"href":"https:\/\/ladepeche.mr\/index.php?rest_route=\/wp\/v2\/posts\/8738","targetHints":{"allow":["GET"]}}],"collection":[{"href":"https:\/\/ladepeche.mr\/index.php?rest_route=\/wp\/v2\/posts"}],"about":[{"href":"https:\/\/ladepeche.mr\/index.php?rest_route=\/wp\/v2\/types\/post"}],"author":[{"embeddable":true,"href":"https:\/\/ladepeche.mr\/index.php?rest_route=\/wp\/v2\/users\/2"}],"replies":[{"embeddable":true,"href":"https:\/\/ladepeche.mr\/index.php?rest_route=%2Fwp%2Fv2%2Fcomments&post=8738"}],"version-history":[{"count":1,"href":"https:\/\/ladepeche.mr\/index.php?rest_route=\/wp\/v2\/posts\/8738\/revisions"}],"predecessor-version":[{"id":8740,"href":"https:\/\/ladepeche.mr\/index.php?rest_route=\/wp\/v2\/posts\/8738\/revisions\/8740"}],"wp:featuredmedia":[{"embeddable":true,"href":"https:\/\/ladepeche.mr\/index.php?rest_route=\/wp\/v2\/media\/8739"}],"wp:attachment":[{"href":"https:\/\/ladepeche.mr\/index.php?rest_route=%2Fwp%2Fv2%2Fmedia&parent=8738"}],"wp:term":[{"taxonomy":"category","embeddable":true,"href":"https:\/\/ladepeche.mr\/index.php?rest_route=%2Fwp%2Fv2%2Fcategories&post=8738"},{"taxonomy":"post_tag","embeddable":true,"href":"https:\/\/ladepeche.mr\/index.php?rest_route=%2Fwp%2Fv2%2Ftags&post=8738"}],"curies":[{"name":"wp","href":"https:\/\/api.w.org\/{rel}","templated":true}]}}